{"id":21361,"date":"2018-04-11T14:52:18","date_gmt":"2018-04-11T12:52:18","guid":{"rendered":"https:\/\/ibil.wpengine.com\/sala-de-prensa\/ibil-instalara-y-gestionara-16-nuevos-puntos-de-recarga-publicos-en-el-centro-de-zaragoza\/"},"modified":"2018-04-11T14:52:18","modified_gmt":"2018-04-11T12:52:18","slug":"ibil-instalara-y-gestionara-16-nuevos-puntos-de-recarga-publicos-en-el-centro-de-zaragoza","status":"publish","type":"post","link":"https:\/\/evsare.com\/pt\/sala-de-prensa\/ibil-instalara-y-gestionara-16-nuevos-puntos-de-recarga-publicos-en-el-centro-de-zaragoza\/","title":{"rendered":"IBIL instalar\u00e1 y gestionar\u00e1 16 nuevos puntos de recarga p\u00fablicos en el centro de Zaragoza"},"content":{"rendered":"<ul>\n<li><strong>\u00a0Los terminales instalados permitir\u00e1n cargar 16 veh\u00edculos el\u00e9ctricos al mismo tiempo en lugares estrat\u00e9gicos de la ciudad convirtiendo a la capital aragonesa en uno de los referentes a nivel nacional en su apuesta por la movilidad el\u00e9ctrica.<\/strong><\/li>\n<\/ul>\n<p>IBIL, empresa especializada en servicios de recarga de veh\u00edculos el\u00e9ctricos, ha sido la compa\u00f1\u00eda elegida para instalar y gestionar las nuevas ocho instalaciones de recarga que se van a ubicar en lugares estrat\u00e9gicos de Zaragoza en los pr\u00f3ximos meses. La contrataci\u00f3n se ha realizado a trav\u00e9s de Z+M, concesionaria de la gesti\u00f3n del aparcamiento regulado en Zaragoza.<br \/>\nUna de las ubicaciones est\u00e1 situada junto a la plaza de toros, en concreto en la calle Ram\u00f3n Pignatelli, donde IBIL instalar\u00e1 dos terminales, uno que permite la recarga simult\u00e1nea de dos veh\u00edculos a 7,4kW con conectores Tipo 2 (Mennekes, el est\u00e1ndar a nivel europeo) y otro terminal, con conector tipo F (Schuko), para la recarga de hasta 8 motos o cuadriciclos el\u00e9ctricos.<br \/>\nOtro de los puntos de recarga destacados estar\u00e1 en el parking del parque de Macanaz, En esta ubicaci\u00f3n se instalar\u00e1 un terminal de carga r\u00e1pida de 50kW de potencia con conectores Tipo 2 Mennekes, Chademo y CCS-Combo.<\/p>\n<p>El resto de terminales se repartir\u00e1n entre diferentes puntos de la ciudad, en las calles Ram\u00f3n y Cajal (2), Pedro Joaqu\u00edn Soler (1), Doctor Fleming (1) y Camino de las torres (1). Todos ellos contar\u00e1n con conectores Tipo 2 (Mennekes) de hasta 7,4kw por conector.<\/p>\n<p>La energ\u00eda suministrada ser\u00e1 100% renovable con certificado de origen. Adem\u00e1s, todos los puntos contar\u00e1n con asistencia t\u00e9cnica 24 horas todos los d\u00edas del a\u00f1o<\/p>\n","protected":false},"excerpt":{"rendered":"<p>\u00a0Los terminales instalados permitir\u00e1n cargar 16 veh\u00edculos el\u00e9ctricos al mismo tiempo en lugares estrat\u00e9gicos de la ciudad convirtiendo a la capital aragonesa en uno de los referentes a nivel nacional en su apuesta por la movilidad el\u00e9ctrica. IBIL, empresa especializada en servicios de recarga de veh\u00edculos el\u00e9ctricos, ha sido la compa\u00f1\u00eda elegida para instalar y gestionar las nuevas ocho instalaciones de recarga que se van a ubicar en lugares estrat\u00e9gicos de Zaragoza en los pr\u00f3ximos meses. La contrataci\u00f3n se ha realizado a trav\u00e9s de Z+M, concesionaria de la gesti\u00f3n del aparcamiento regulado en Zaragoza. Una de las ubicaciones est\u00e1 situada junto a la plaza de toros, en concreto en la calle Ram\u00f3n Pignatelli, donde IBIL instalar\u00e1 dos terminales, uno que permite la recarga simult\u00e1nea de dos veh\u00edculos a 7,4kW con conectores Tipo 2 (Mennekes, el est\u00e1ndar a nivel europeo) y otro terminal, con conector tipo F (Schuko), para la recarga de hasta 8 motos o cuadriciclos el\u00e9ctricos. Otro de los puntos de recarga destacados estar\u00e1 en el parking del parque de Macanaz, En esta ubicaci\u00f3n se instalar\u00e1 un terminal de carga r\u00e1pida de 50kW de potencia con conectores Tipo 2 Mennekes, Chademo y CCS-Combo. El resto de terminales se repartir\u00e1n [&hellip;]<\/p>\n","protected":false},"author":1,"featured_media":19966,"comment_status":"closed","ping_status":"closed","sticky":false,"template":"","format":"standard","meta":{"footnotes":""},"categories":[23],"tags":[],"class_list":["post-21361","post","type-post","status-publish","format-standard","has-post-thumbnail","hentry","category-sem-categoria"],"yoast_head":"<!-- This site is optimized with the Yoast SEO plugin v26.3 - https:\/\/yoast.com\/wordpress\/plugins\/seo\/ -->\n<title>IBIL instalar\u00e1 y gestionar\u00e1 16 nuevos puntos de recarga p\u00fablicos en el centro de Zaragoza - EVsare<\/title>\n<meta name=\"robots\" content=\"index, follow, max-snippet:-1, max-image-preview:large, max-video-preview:-1\" \/>\n<link rel=\"canonical\" href=\"https:\/\/evsare.com\/pt\/sala-de-prensa\/ibil-instalara-y-gestionara-16-nuevos-puntos-de-recarga-publicos-en-el-centro-de-zaragoza\/\" \/>\n<meta property=\"og:locale\" content=\"pt_PT\" \/>\n<meta property=\"og:type\" content=\"article\" \/>\n<meta property=\"og:title\" content=\"IBIL instalar\u00e1 y gestionar\u00e1 16 nuevos puntos de recarga p\u00fablicos en el centro de Zaragoza - EVsare\" \/>\n<meta property=\"og:description\" content=\"\u00a0Los terminales instalados permitir\u00e1n cargar 16 veh\u00edculos el\u00e9ctricos al mismo tiempo en lugares estrat\u00e9gicos de la ciudad convirtiendo a la capital aragonesa en uno de los referentes a nivel nacional en su apuesta por la movilidad el\u00e9ctrica. IBIL, empresa especializada en servicios de recarga de veh\u00edculos el\u00e9ctricos, ha sido la compa\u00f1\u00eda elegida para instalar y gestionar las nuevas ocho instalaciones de recarga que se van a ubicar en lugares estrat\u00e9gicos de Zaragoza en los pr\u00f3ximos meses. La contrataci\u00f3n se ha realizado a trav\u00e9s de Z+M, concesionaria de la gesti\u00f3n del aparcamiento regulado en Zaragoza. Una de las ubicaciones est\u00e1 situada junto a la plaza de toros, en concreto en la calle Ram\u00f3n Pignatelli, donde IBIL instalar\u00e1 dos terminales, uno que permite la recarga simult\u00e1nea de dos veh\u00edculos a 7,4kW con conectores Tipo 2 (Mennekes, el est\u00e1ndar a nivel europeo) y otro terminal, con conector tipo F (Schuko), para la recarga de hasta 8 motos o cuadriciclos el\u00e9ctricos. Otro de los puntos de recarga destacados estar\u00e1 en el parking del parque de Macanaz, En esta ubicaci\u00f3n se instalar\u00e1 un terminal de carga r\u00e1pida de 50kW de potencia con conectores Tipo 2 Mennekes, Chademo y CCS-Combo. El resto de terminales se repartir\u00e1n [&hellip;]\" \/>\n<meta property=\"og:url\" content=\"https:\/\/evsare.com\/pt\/sala-de-prensa\/ibil-instalara-y-gestionara-16-nuevos-puntos-de-recarga-publicos-en-el-centro-de-zaragoza\/\" \/>\n<meta property=\"og:site_name\" content=\"EVsare\" \/>\n<meta property=\"article:published_time\" content=\"2018-04-11T12:52:18+00:00\" \/>\n<meta property=\"og:image\" content=\"https:\/\/evsare.com\/wp-content\/uploads\/2019\/09\/IBIL-instalara-y-gestionara-16-nuevos-puntos-de-recarga-publicos-en-el-centro-de-Zaragoza_768.jpg\" \/>\n\t<meta property=\"og:image:width\" content=\"768\" \/>\n\t<meta property=\"og:image:height\" content=\"450\" \/>\n\t<meta property=\"og:image:type\" content=\"image\/jpeg\" \/>\n<meta name=\"author\" content=\"gesIbil\" \/>\n<meta name=\"twitter:card\" content=\"summary_large_image\" \/>\n<meta name=\"twitter:label1\" content=\"Escrito por\" \/>\n\t<meta name=\"twitter:data1\" content=\"gesIbil\" \/>\n\t<meta name=\"twitter:label2\" content=\"Tempo estimado de leitura\" \/>\n\t<meta name=\"twitter:data2\" content=\"1 minuto\" \/>\n<script type=\"application\/ld+json\" class=\"yoast-schema-graph\">{\"@context\":\"https:\/\/schema.org\",\"@graph\":[{\"@type\":\"Article\",\"@id\":\"https:\/\/evsare.com\/pt\/sala-de-prensa\/ibil-instalara-y-gestionara-16-nuevos-puntos-de-recarga-publicos-en-el-centro-de-zaragoza\/#article\",\"isPartOf\":{\"@id\":\"https:\/\/evsare.com\/pt\/sala-de-prensa\/ibil-instalara-y-gestionara-16-nuevos-puntos-de-recarga-publicos-en-el-centro-de-zaragoza\/\"},\"author\":{\"name\":\"gesIbil\",\"@id\":\"https:\/\/evsare.com\/#\/schema\/person\/2734eab244df5dccee2244fd55ed1f13\"},\"headline\":\"IBIL instalar\u00e1 y gestionar\u00e1 16 nuevos puntos de recarga p\u00fablicos en el centro de Zaragoza\",\"datePublished\":\"2018-04-11T12:52:18+00:00\",\"mainEntityOfPage\":{\"@id\":\"https:\/\/evsare.com\/pt\/sala-de-prensa\/ibil-instalara-y-gestionara-16-nuevos-puntos-de-recarga-publicos-en-el-centro-de-zaragoza\/\"},\"wordCount\":299,\"publisher\":{\"@id\":\"https:\/\/evsare.com\/#organization\"},\"image\":{\"@id\":\"https:\/\/evsare.com\/pt\/sala-de-prensa\/ibil-instalara-y-gestionara-16-nuevos-puntos-de-recarga-publicos-en-el-centro-de-zaragoza\/#primaryimage\"},\"thumbnailUrl\":\"https:\/\/evsare.com\/wp-content\/uploads\/2019\/09\/IBIL-instalara-y-gestionara-16-nuevos-puntos-de-recarga-publicos-en-el-centro-de-Zaragoza_768.jpg\",\"inLanguage\":\"pt-PT\"},{\"@type\":\"WebPage\",\"@id\":\"https:\/\/evsare.com\/pt\/sala-de-prensa\/ibil-instalara-y-gestionara-16-nuevos-puntos-de-recarga-publicos-en-el-centro-de-zaragoza\/\",\"url\":\"https:\/\/evsare.com\/pt\/sala-de-prensa\/ibil-instalara-y-gestionara-16-nuevos-puntos-de-recarga-publicos-en-el-centro-de-zaragoza\/\",\"name\":\"IBIL instalar\u00e1 y gestionar\u00e1 16 nuevos puntos de recarga p\u00fablicos en el centro de Zaragoza - EVsare\",\"isPartOf\":{\"@id\":\"https:\/\/evsare.com\/#website\"},\"primaryImageOfPage\":{\"@id\":\"https:\/\/evsare.com\/pt\/sala-de-prensa\/ibil-instalara-y-gestionara-16-nuevos-puntos-de-recarga-publicos-en-el-centro-de-zaragoza\/#primaryimage\"},\"image\":{\"@id\":\"https:\/\/evsare.com\/pt\/sala-de-prensa\/ibil-instalara-y-gestionara-16-nuevos-puntos-de-recarga-publicos-en-el-centro-de-zaragoza\/#primaryimage\"},\"thumbnailUrl\":\"https:\/\/evsare.com\/wp-content\/uploads\/2019\/09\/IBIL-instalara-y-gestionara-16-nuevos-puntos-de-recarga-publicos-en-el-centro-de-Zaragoza_768.jpg\",\"datePublished\":\"2018-04-11T12:52:18+00:00\",\"breadcrumb\":{\"@id\":\"https:\/\/evsare.com\/pt\/sala-de-prensa\/ibil-instalara-y-gestionara-16-nuevos-puntos-de-recarga-publicos-en-el-centro-de-zaragoza\/#breadcrumb\"},\"inLanguage\":\"pt-PT\",\"potentialAction\":[{\"@type\":\"ReadAction\",\"target\":[\"https:\/\/evsare.com\/pt\/sala-de-prensa\/ibil-instalara-y-gestionara-16-nuevos-puntos-de-recarga-publicos-en-el-centro-de-zaragoza\/\"]}]},{\"@type\":\"ImageObject\",\"inLanguage\":\"pt-PT\",\"@id\":\"https:\/\/evsare.com\/pt\/sala-de-prensa\/ibil-instalara-y-gestionara-16-nuevos-puntos-de-recarga-publicos-en-el-centro-de-zaragoza\/#primaryimage\",\"url\":\"https:\/\/evsare.com\/wp-content\/uploads\/2019\/09\/IBIL-instalara-y-gestionara-16-nuevos-puntos-de-recarga-publicos-en-el-centro-de-Zaragoza_768.jpg\",\"contentUrl\":\"https:\/\/evsare.com\/wp-content\/uploads\/2019\/09\/IBIL-instalara-y-gestionara-16-nuevos-puntos-de-recarga-publicos-en-el-centro-de-Zaragoza_768.jpg\",\"width\":768,\"height\":450},{\"@type\":\"BreadcrumbList\",\"@id\":\"https:\/\/evsare.com\/pt\/sala-de-prensa\/ibil-instalara-y-gestionara-16-nuevos-puntos-de-recarga-publicos-en-el-centro-de-zaragoza\/#breadcrumb\",\"itemListElement\":[{\"@type\":\"ListItem\",\"position\":1,\"name\":\"Home\",\"item\":\"https:\/\/evsare.com\/pt\/\"},{\"@type\":\"ListItem\",\"position\":2,\"name\":\"IBIL instalar\u00e1 y gestionar\u00e1 16 nuevos puntos de recarga p\u00fablicos en el centro de Zaragoza\"}]},{\"@type\":\"WebSite\",\"@id\":\"https:\/\/evsare.com\/#website\",\"url\":\"https:\/\/evsare.com\/\",\"name\":\"EVsare\",\"description\":\"La \u00faltima tecnolog\u00eda en servicios de recarga\",\"publisher\":{\"@id\":\"https:\/\/evsare.com\/#organization\"},\"potentialAction\":[{\"@type\":\"SearchAction\",\"target\":{\"@type\":\"EntryPoint\",\"urlTemplate\":\"https:\/\/evsare.com\/?s={search_term_string}\"},\"query-input\":{\"@type\":\"PropertyValueSpecification\",\"valueRequired\":true,\"valueName\":\"search_term_string\"}}],\"inLanguage\":\"pt-PT\"},{\"@type\":\"Organization\",\"@id\":\"https:\/\/evsare.com\/#organization\",\"name\":\"EVsare\",\"url\":\"https:\/\/evsare.com\/\",\"logo\":{\"@type\":\"ImageObject\",\"inLanguage\":\"pt-PT\",\"@id\":\"https:\/\/evsare.com\/#\/schema\/logo\/image\/\",\"url\":\"https:\/\/evsare.com\/wp-content\/uploads\/2025\/10\/evsare-favicon-152-2.png\",\"contentUrl\":\"https:\/\/evsare.com\/wp-content\/uploads\/2025\/10\/evsare-favicon-152-2.png\",\"width\":152,\"height\":152,\"caption\":\"EVsare\"},\"image\":{\"@id\":\"https:\/\/evsare.com\/#\/schema\/logo\/image\/\"},\"sameAs\":[\"https:\/\/es.linkedin.com\/company\/evsare\"]},{\"@type\":\"Person\",\"@id\":\"https:\/\/evsare.com\/#\/schema\/person\/2734eab244df5dccee2244fd55ed1f13\",\"name\":\"gesIbil\"}]}<\/script>\n<!-- \/ Yoast SEO plugin. -->","yoast_head_json":{"title":"IBIL instalar\u00e1 y gestionar\u00e1 16 nuevos puntos de recarga p\u00fablicos en el centro de Zaragoza - EVsare","robots":{"index":"index","follow":"follow","max-snippet":"max-snippet:-1","max-image-preview":"max-image-preview:large","max-video-preview":"max-video-preview:-1"},"canonical":"https:\/\/evsare.com\/pt\/sala-de-prensa\/ibil-instalara-y-gestionara-16-nuevos-puntos-de-recarga-publicos-en-el-centro-de-zaragoza\/","og_locale":"pt_PT","og_type":"article","og_title":"IBIL instalar\u00e1 y gestionar\u00e1 16 nuevos puntos de recarga p\u00fablicos en el centro de Zaragoza - EVsare","og_description":"\u00a0Los terminales instalados permitir\u00e1n cargar 16 veh\u00edculos el\u00e9ctricos al mismo tiempo en lugares estrat\u00e9gicos de la ciudad convirtiendo a la capital aragonesa en uno de los referentes a nivel nacional en su apuesta por la movilidad el\u00e9ctrica. IBIL, empresa especializada en servicios de recarga de veh\u00edculos el\u00e9ctricos, ha sido la compa\u00f1\u00eda elegida para instalar y gestionar las nuevas ocho instalaciones de recarga que se van a ubicar en lugares estrat\u00e9gicos de Zaragoza en los pr\u00f3ximos meses. La contrataci\u00f3n se ha realizado a trav\u00e9s de Z+M, concesionaria de la gesti\u00f3n del aparcamiento regulado en Zaragoza. Una de las ubicaciones est\u00e1 situada junto a la plaza de toros, en concreto en la calle Ram\u00f3n Pignatelli, donde IBIL instalar\u00e1 dos terminales, uno que permite la recarga simult\u00e1nea de dos veh\u00edculos a 7,4kW con conectores Tipo 2 (Mennekes, el est\u00e1ndar a nivel europeo) y otro terminal, con conector tipo F (Schuko), para la recarga de hasta 8 motos o cuadriciclos el\u00e9ctricos. Otro de los puntos de recarga destacados estar\u00e1 en el parking del parque de Macanaz, En esta ubicaci\u00f3n se instalar\u00e1 un terminal de carga r\u00e1pida de 50kW de potencia con conectores Tipo 2 Mennekes, Chademo y CCS-Combo. El resto de terminales se repartir\u00e1n [&hellip;]","og_url":"https:\/\/evsare.com\/pt\/sala-de-prensa\/ibil-instalara-y-gestionara-16-nuevos-puntos-de-recarga-publicos-en-el-centro-de-zaragoza\/","og_site_name":"EVsare","article_published_time":"2018-04-11T12:52:18+00:00","og_image":[{"width":768,"height":450,"url":"https:\/\/evsare.com\/wp-content\/uploads\/2019\/09\/IBIL-instalara-y-gestionara-16-nuevos-puntos-de-recarga-publicos-en-el-centro-de-Zaragoza_768.jpg","type":"image\/jpeg"}],"author":"gesIbil","twitter_card":"summary_large_image","twitter_misc":{"Escrito por":"gesIbil","Tempo estimado de leitura":"1 minuto"},"schema":{"@context":"https:\/\/schema.org","@graph":[{"@type":"Article","@id":"https:\/\/evsare.com\/pt\/sala-de-prensa\/ibil-instalara-y-gestionara-16-nuevos-puntos-de-recarga-publicos-en-el-centro-de-zaragoza\/#article","isPartOf":{"@id":"https:\/\/evsare.com\/pt\/sala-de-prensa\/ibil-instalara-y-gestionara-16-nuevos-puntos-de-recarga-publicos-en-el-centro-de-zaragoza\/"},"author":{"name":"gesIbil","@id":"https:\/\/evsare.com\/#\/schema\/person\/2734eab244df5dccee2244fd55ed1f13"},"headline":"IBIL instalar\u00e1 y gestionar\u00e1 16 nuevos puntos de recarga p\u00fablicos en el centro de Zaragoza","datePublished":"2018-04-11T12:52:18+00:00","mainEntityOfPage":{"@id":"https:\/\/evsare.com\/pt\/sala-de-prensa\/ibil-instalara-y-gestionara-16-nuevos-puntos-de-recarga-publicos-en-el-centro-de-zaragoza\/"},"wordCount":299,"publisher":{"@id":"https:\/\/evsare.com\/#organization"},"image":{"@id":"https:\/\/evsare.com\/pt\/sala-de-prensa\/ibil-instalara-y-gestionara-16-nuevos-puntos-de-recarga-publicos-en-el-centro-de-zaragoza\/#primaryimage"},"thumbnailUrl":"https:\/\/evsare.com\/wp-content\/uploads\/2019\/09\/IBIL-instalara-y-gestionara-16-nuevos-puntos-de-recarga-publicos-en-el-centro-de-Zaragoza_768.jpg","inLanguage":"pt-PT"},{"@type":"WebPage","@id":"https:\/\/evsare.com\/pt\/sala-de-prensa\/ibil-instalara-y-gestionara-16-nuevos-puntos-de-recarga-publicos-en-el-centro-de-zaragoza\/","url":"https:\/\/evsare.com\/pt\/sala-de-prensa\/ibil-instalara-y-gestionara-16-nuevos-puntos-de-recarga-publicos-en-el-centro-de-zaragoza\/","name":"IBIL instalar\u00e1 y gestionar\u00e1 16 nuevos puntos de recarga p\u00fablicos en el centro de Zaragoza - EVsare","isPartOf":{"@id":"https:\/\/evsare.com\/#website"},"primaryImageOfPage":{"@id":"https:\/\/evsare.com\/pt\/sala-de-prensa\/ibil-instalara-y-gestionara-16-nuevos-puntos-de-recarga-publicos-en-el-centro-de-zaragoza\/#primaryimage"},"image":{"@id":"https:\/\/evsare.com\/pt\/sala-de-prensa\/ibil-instalara-y-gestionara-16-nuevos-puntos-de-recarga-publicos-en-el-centro-de-zaragoza\/#primaryimage"},"thumbnailUrl":"https:\/\/evsare.com\/wp-content\/uploads\/2019\/09\/IBIL-instalara-y-gestionara-16-nuevos-puntos-de-recarga-publicos-en-el-centro-de-Zaragoza_768.jpg","datePublished":"2018-04-11T12:52:18+00:00","breadcrumb":{"@id":"https:\/\/evsare.com\/pt\/sala-de-prensa\/ibil-instalara-y-gestionara-16-nuevos-puntos-de-recarga-publicos-en-el-centro-de-zaragoza\/#breadcrumb"},"inLanguage":"pt-PT","potentialAction":[{"@type":"ReadAction","target":["https:\/\/evsare.com\/pt\/sala-de-prensa\/ibil-instalara-y-gestionara-16-nuevos-puntos-de-recarga-publicos-en-el-centro-de-zaragoza\/"]}]},{"@type":"ImageObject","inLanguage":"pt-PT","@id":"https:\/\/evsare.com\/pt\/sala-de-prensa\/ibil-instalara-y-gestionara-16-nuevos-puntos-de-recarga-publicos-en-el-centro-de-zaragoza\/#primaryimage","url":"https:\/\/evsare.com\/wp-content\/uploads\/2019\/09\/IBIL-instalara-y-gestionara-16-nuevos-puntos-de-recarga-publicos-en-el-centro-de-Zaragoza_768.jpg","contentUrl":"https:\/\/evsare.com\/wp-content\/uploads\/2019\/09\/IBIL-instalara-y-gestionara-16-nuevos-puntos-de-recarga-publicos-en-el-centro-de-Zaragoza_768.jpg","width":768,"height":450},{"@type":"BreadcrumbList","@id":"https:\/\/evsare.com\/pt\/sala-de-prensa\/ibil-instalara-y-gestionara-16-nuevos-puntos-de-recarga-publicos-en-el-centro-de-zaragoza\/#breadcrumb","itemListElement":[{"@type":"ListItem","position":1,"name":"Home","item":"https:\/\/evsare.com\/pt\/"},{"@type":"ListItem","position":2,"name":"IBIL instalar\u00e1 y gestionar\u00e1 16 nuevos puntos de recarga p\u00fablicos en el centro de Zaragoza"}]},{"@type":"WebSite","@id":"https:\/\/evsare.com\/#website","url":"https:\/\/evsare.com\/","name":"EVsare","description":"La \u00faltima tecnolog\u00eda en servicios de recarga","publisher":{"@id":"https:\/\/evsare.com\/#organization"},"potentialAction":[{"@type":"SearchAction","target":{"@type":"EntryPoint","urlTemplate":"https:\/\/evsare.com\/?s={search_term_string}"},"query-input":{"@type":"PropertyValueSpecification","valueRequired":true,"valueName":"search_term_string"}}],"inLanguage":"pt-PT"},{"@type":"Organization","@id":"https:\/\/evsare.com\/#organization","name":"EVsare","url":"https:\/\/evsare.com\/","logo":{"@type":"ImageObject","inLanguage":"pt-PT","@id":"https:\/\/evsare.com\/#\/schema\/logo\/image\/","url":"https:\/\/evsare.com\/wp-content\/uploads\/2025\/10\/evsare-favicon-152-2.png","contentUrl":"https:\/\/evsare.com\/wp-content\/uploads\/2025\/10\/evsare-favicon-152-2.png","width":152,"height":152,"caption":"EVsare"},"image":{"@id":"https:\/\/evsare.com\/#\/schema\/logo\/image\/"},"sameAs":["https:\/\/es.linkedin.com\/company\/evsare"]},{"@type":"Person","@id":"https:\/\/evsare.com\/#\/schema\/person\/2734eab244df5dccee2244fd55ed1f13","name":"gesIbil"}]}},"_links":{"self":[{"href":"https:\/\/evsare.com\/pt\/wp-json\/wp\/v2\/posts\/21361","targetHints":{"allow":["GET"]}}],"collection":[{"href":"https:\/\/evsare.com\/pt\/wp-json\/wp\/v2\/posts"}],"about":[{"href":"https:\/\/evsare.com\/pt\/wp-json\/wp\/v2\/types\/post"}],"author":[{"embeddable":true,"href":"https:\/\/evsare.com\/pt\/wp-json\/wp\/v2\/users\/1"}],"replies":[{"embeddable":true,"href":"https:\/\/evsare.com\/pt\/wp-json\/wp\/v2\/comments?post=21361"}],"version-history":[{"count":0,"href":"https:\/\/evsare.com\/pt\/wp-json\/wp\/v2\/posts\/21361\/revisions"}],"wp:featuredmedia":[{"embeddable":true,"href":"https:\/\/evsare.com\/pt\/wp-json\/wp\/v2\/media\/19966"}],"wp:attachment":[{"href":"https:\/\/evsare.com\/pt\/wp-json\/wp\/v2\/media?parent=21361"}],"wp:term":[{"taxonomy":"category","embeddable":true,"href":"https:\/\/evsare.com\/pt\/wp-json\/wp\/v2\/categories?post=21361"},{"taxonomy":"post_tag","embeddable":true,"href":"https:\/\/evsare.com\/pt\/wp-json\/wp\/v2\/tags?post=21361"}],"curies":[{"name":"wp","href":"https:\/\/api.w.org\/{rel}","templated":true}]}}