{"id":21308,"date":"2018-10-22T15:16:52","date_gmt":"2018-10-22T13:16:52","guid":{"rendered":"https:\/\/ibil.wpengine.com\/sala-de-prensa\/ibil-pone-en-marcha-dos-nuevos-puntos-de-recarga-rapida-dentro-del-proyecto-cirve-en-burgos-e-irun\/"},"modified":"2020-01-10T15:52:03","modified_gmt":"2020-01-10T14:52:03","slug":"ibil-pone-en-marcha-dos-nuevos-puntos-de-recarga-rapida-dentro-del-proyecto-cirve-en-burgos-e-irun","status":"publish","type":"post","link":"https:\/\/evsare.com\/pt\/sala-de-prensa\/ibil-pone-en-marcha-dos-nuevos-puntos-de-recarga-rapida-dentro-del-proyecto-cirve-en-burgos-e-irun\/","title":{"rendered":"IBIL pone en marcha dos nuevos puntos de recarga r\u00e1pida dentro del proyecto CIRVE en Burgos e Ir\u00fan"},"content":{"rendered":"<ul>\n<li><strong>IBIL, como l\u00edder en tecnolog\u00edas y servicios de recarga, realiza las tareas de coordinaci\u00f3n y de definici\u00f3n de requerimientos t\u00e9cnicos dentro del proyecto CIRVE.<\/strong><\/li>\n<li><strong>IBIL contribuir\u00e1 con 20 de los 40 puntos de carga r\u00e1pida que se pondr\u00e1n en servicio dentro de esta iniciativa (17 de los cuales ya se encuentran operativos).<\/strong><\/li>\n<li><strong>Este proyecto conectar\u00e1 a Espa\u00f1a mediante instalaciones de carga r\u00e1pida con Francia y Portugal a trav\u00e9s de los corredores Atl\u00e1ntico y Mediterr\u00e1neo.<\/strong><\/li>\n<\/ul>\n<p>IBIL, empresa especializada en soluciones y servicios para la recarga de veh\u00edculos el\u00e9ctricos, ha puesto en marcha dos nuevos puntos de carga r\u00e1pida en el marco del proyecto\u00a0<a href=\"http:\/\/cirveproject.com\/es\/\">CIRVE\u00a0<\/a>(Corredores Ib\u00e9ricos de Infraestructura de recarga r\u00e1pida de veh\u00edculos el\u00e9ctricos).<br \/>\nEstos dos nuevos puntos se han instalado en las estaciones de servicio Repsol de Carde\u00f1ajimeno (Burgos, Ctra. N-120, Km. 106) y de Ir\u00fan (C\/Potzuetakogaina 19). Ambos, permiten realizar recargas tanto en corriente continua (CCS Combo, CHAdeMO) como en corriente alterna (Mennekes), con potencias de hasta 50kW.<br \/>\nPara recargar en estos terminales, los usuarios solo tendr\u00e1n que descargarse la aplicaci\u00f3n m\u00f3vil de IBIL (<a href=\"https:\/\/play.google.com\/store\/apps\/details?id=es.ibil.android&amp;hl=es\">Android\u00a0<\/a>e\u00a0<a href=\"https:\/\/itunes.apple.com\/es\/app\/ibilmaps\/id658784812?mt=8\">iOS<\/a>), introducir la tarjeta de cr\u00e9dito en la aplicaci\u00f3n, y seleccionar\u00a0<a href=\"https:\/\/evsare.com\/index.php\/es\/que-necesito\/servicio-integral-de-recarga\/red-publica-de-recarga\">en el mapa<\/a>\u00a0el terminal que se va a usar. Todo ello, sin necesidad de contratos para el usuario. La energ\u00eda suministrada por parte de IBIL es 100% renovable con certificado de origen.<br \/>\nDentro de los 40 puntos de recarga r\u00e1pida del proyecto CIRVE, 20 pertenecer\u00e1n a la red de IBIL. Actualmente 17 ya se encuentran operativos y est\u00e1n siendo utilizados por los usuarios de veh\u00edculos el\u00e9ctricos en Bizkaia (1), \u00c1lava (1), Gipuzkoa (2), Madrid (4), Guadalajara (1), Valencia (1), Tarragona (1), Murcia (1), Sevilla (1), M\u00e1laga (1), Valladolid (1), Burgos (1) y Zaragoza (1).<\/p>\n<p><strong>IBIL, l\u00edder en tecnolog\u00eda y servicios de recarga<\/strong><br \/>\nIBIL dentro del proyecto CIRVE, lleva a cabo las labores de coordinaci\u00f3n, con el objetivo de asegurar la implementaci\u00f3n t\u00e9cnica, administrativa y financiera. As\u00ed mismo, se encarga de las labores de interlocuci\u00f3n con la Comisi\u00f3n Europea.<br \/>\nAdem\u00e1s, IBIL ha realizado un estudio sobre los productos de carga r\u00e1pida existentes en el mercado y ha establecido los requerimientos t\u00e9cnicos necesarios para los cargadores que se utilizan dentro del proyecto.<br \/>\nCon la instalaci\u00f3n de estos dos nuevos puntos de recarga r\u00e1pida, IBIL se consolida como empresa l\u00edder en innovaci\u00f3n y tecnolog\u00eda de recarga de veh\u00edculos el\u00e9ctricos.<\/p>\n<p><strong>Sobre CIRVE:<\/strong><br \/>\nSu objetivo es fomentar el uso de veh\u00edculos el\u00e9ctricos entre Espa\u00f1a, Portugal y Francia en un marco transfronterizo totalmente interoperable que permita a los usuarios de veh\u00edculos el\u00e9ctricos el tr\u00e1nsito desde el Norte de Europa hacia la Pen\u00ednsula Ib\u00e9rica.<br \/>\nEste proyecto, cofinanciado por la Uni\u00f3n Europea a trav\u00e9s del programa CEF (Connecting Europe Facility), permitir\u00e1 identificar soluciones a las actuales barreras t\u00e9cnicas, jur\u00eddicas y econ\u00f3micas, as\u00ed como dise\u00f1ar un modelo de negocio que consolide el desarrollo de combustibles alternativos en la Pen\u00ednsula Ib\u00e9rica.<\/p>\n<p><strong>Acerca de IBIL<\/strong><\/p>\n<p>Establecida en 2010, IBIL se dedica en exclusiva a proveer servicios de carga a veh\u00edculos el\u00e9ctricos, siendo la primera empresa que se inscribi\u00f3 como Gestor de Carga en la Comisi\u00f3n Nacional de los Mercados y la Competencia. En la actualidad es la empresa privada con mayor inversi\u00f3n y despliegue en red p\u00fablica de recarga en Espa\u00f1a, destacando los 40 puntos de carga r\u00e1pida en servicio. En su corta historia ha ofrecido m\u00e1s de 382.722 cargas y ha gestionado m\u00e1s de 3,7 GWh. IBIL ofrece servicios a particulares, compa\u00f1\u00edas y administraciones p\u00fablicas, tanto en garajes comunitarios, empresas o en lugares de uso p\u00fablico. Adem\u00e1s, IBIL proporciona un servicio integral de recarga basado en energ\u00eda 100% renovable. IBIL es una empresa participada por Repsol y el Ente Vasco de la Energ\u00eda.<\/p>\n","protected":false},"excerpt":{"rendered":"<p>IBIL, como l\u00edder en tecnolog\u00edas y servicios de recarga, realiza las tareas de coordinaci\u00f3n y de definici\u00f3n de requerimientos t\u00e9cnicos dentro del proyecto CIRVE. IBIL contribuir\u00e1 con 20 de los 40 puntos de carga r\u00e1pida que se pondr\u00e1n en servicio dentro de esta iniciativa (17 de los cuales ya se encuentran operativos). Este proyecto conectar\u00e1 a Espa\u00f1a mediante instalaciones de carga r\u00e1pida con Francia y Portugal a trav\u00e9s de los corredores Atl\u00e1ntico y Mediterr\u00e1neo. IBIL, empresa especializada en soluciones y servicios para la recarga de veh\u00edculos el\u00e9ctricos, ha puesto en marcha dos nuevos puntos de carga r\u00e1pida en el marco del proyecto\u00a0CIRVE\u00a0(Corredores Ib\u00e9ricos de Infraestructura de recarga r\u00e1pida de veh\u00edculos el\u00e9ctricos). Estos dos nuevos puntos se han instalado en las estaciones de servicio Repsol de Carde\u00f1ajimeno (Burgos, Ctra. N-120, Km. 106) y de Ir\u00fan (C\/Potzuetakogaina 19). Ambos, permiten realizar recargas tanto en corriente continua (CCS Combo, CHAdeMO) como en corriente alterna (Mennekes), con potencias de hasta 50kW. Para recargar en estos terminales, los usuarios solo tendr\u00e1n que descargarse la aplicaci\u00f3n m\u00f3vil de IBIL (Android\u00a0e\u00a0iOS), introducir la tarjeta de cr\u00e9dito en la aplicaci\u00f3n, y seleccionar\u00a0en el mapa\u00a0el terminal que se va a usar. Todo ello, sin necesidad de contratos para el [&hellip;]<\/p>\n","protected":false},"author":1,"featured_media":20025,"comment_status":"closed","ping_status":"closed","sticky":false,"template":"","format":"standard","meta":{"footnotes":""},"categories":[23],"tags":[],"class_list":["post-21308","post","type-post","status-publish","format-standard","has-post-thumbnail","hentry","category-sem-categoria"],"yoast_head":"<!-- This site is optimized with the Yoast SEO plugin v26.3 - https:\/\/yoast.com\/wordpress\/plugins\/seo\/ -->\n<title>IBIL pone en marcha dos nuevos puntos de recarga r\u00e1pida dentro del proyecto CIRVE en Burgos e Ir\u00fan - EVsare<\/title>\n<meta name=\"robots\" content=\"index, follow, max-snippet:-1, max-image-preview:large, max-video-preview:-1\" \/>\n<link rel=\"canonical\" href=\"https:\/\/evsare.com\/pt\/sala-de-prensa\/ibil-pone-en-marcha-dos-nuevos-puntos-de-recarga-rapida-dentro-del-proyecto-cirve-en-burgos-e-irun\/\" \/>\n<meta property=\"og:locale\" content=\"pt_PT\" \/>\n<meta property=\"og:type\" content=\"article\" \/>\n<meta property=\"og:title\" content=\"IBIL pone en marcha dos nuevos puntos de recarga r\u00e1pida dentro del proyecto CIRVE en Burgos e Ir\u00fan - EVsare\" \/>\n<meta property=\"og:description\" content=\"IBIL, como l\u00edder en tecnolog\u00edas y servicios de recarga, realiza las tareas de coordinaci\u00f3n y de definici\u00f3n de requerimientos t\u00e9cnicos dentro del proyecto CIRVE. IBIL contribuir\u00e1 con 20 de los 40 puntos de carga r\u00e1pida que se pondr\u00e1n en servicio dentro de esta iniciativa (17 de los cuales ya se encuentran operativos). Este proyecto conectar\u00e1 a Espa\u00f1a mediante instalaciones de carga r\u00e1pida con Francia y Portugal a trav\u00e9s de los corredores Atl\u00e1ntico y Mediterr\u00e1neo. IBIL, empresa especializada en soluciones y servicios para la recarga de veh\u00edculos el\u00e9ctricos, ha puesto en marcha dos nuevos puntos de carga r\u00e1pida en el marco del proyecto\u00a0CIRVE\u00a0(Corredores Ib\u00e9ricos de Infraestructura de recarga r\u00e1pida de veh\u00edculos el\u00e9ctricos). Estos dos nuevos puntos se han instalado en las estaciones de servicio Repsol de Carde\u00f1ajimeno (Burgos, Ctra. N-120, Km. 106) y de Ir\u00fan (C\/Potzuetakogaina 19). Ambos, permiten realizar recargas tanto en corriente continua (CCS Combo, CHAdeMO) como en corriente alterna (Mennekes), con potencias de hasta 50kW. Para recargar en estos terminales, los usuarios solo tendr\u00e1n que descargarse la aplicaci\u00f3n m\u00f3vil de IBIL (Android\u00a0e\u00a0iOS), introducir la tarjeta de cr\u00e9dito en la aplicaci\u00f3n, y seleccionar\u00a0en el mapa\u00a0el terminal que se va a usar. Todo ello, sin necesidad de contratos para el [&hellip;]\" \/>\n<meta property=\"og:url\" content=\"https:\/\/evsare.com\/pt\/sala-de-prensa\/ibil-pone-en-marcha-dos-nuevos-puntos-de-recarga-rapida-dentro-del-proyecto-cirve-en-burgos-e-irun\/\" \/>\n<meta property=\"og:site_name\" content=\"EVsare\" \/>\n<meta property=\"article:published_time\" content=\"2018-10-22T13:16:52+00:00\" \/>\n<meta property=\"article:modified_time\" content=\"2020-01-10T14:52:03+00:00\" \/>\n<meta property=\"og:image\" content=\"https:\/\/evsare.com\/wp-content\/uploads\/2019\/09\/cirve-burgos.jpg\" \/>\n\t<meta property=\"og:image:width\" content=\"750\" \/>\n\t<meta property=\"og:image:height\" content=\"450\" \/>\n\t<meta property=\"og:image:type\" content=\"image\/jpeg\" \/>\n<meta name=\"author\" content=\"gesIbil\" \/>\n<meta name=\"twitter:card\" content=\"summary_large_image\" \/>\n<meta name=\"twitter:label1\" content=\"Escrito por\" \/>\n\t<meta name=\"twitter:data1\" content=\"gesIbil\" \/>\n\t<meta name=\"twitter:label2\" content=\"Tempo estimado de leitura\" \/>\n\t<meta name=\"twitter:data2\" content=\"3 minutos\" \/>\n<script type=\"application\/ld+json\" class=\"yoast-schema-graph\">{\"@context\":\"https:\/\/schema.org\",\"@graph\":[{\"@type\":\"Article\",\"@id\":\"https:\/\/evsare.com\/pt\/sala-de-prensa\/ibil-pone-en-marcha-dos-nuevos-puntos-de-recarga-rapida-dentro-del-proyecto-cirve-en-burgos-e-irun\/#article\",\"isPartOf\":{\"@id\":\"https:\/\/evsare.com\/pt\/sala-de-prensa\/ibil-pone-en-marcha-dos-nuevos-puntos-de-recarga-rapida-dentro-del-proyecto-cirve-en-burgos-e-irun\/\"},\"author\":{\"name\":\"gesIbil\",\"@id\":\"https:\/\/evsare.com\/#\/schema\/person\/2734eab244df5dccee2244fd55ed1f13\"},\"headline\":\"IBIL pone en marcha dos nuevos puntos de recarga r\u00e1pida dentro del proyecto CIRVE en Burgos e Ir\u00fan\",\"datePublished\":\"2018-10-22T13:16:52+00:00\",\"dateModified\":\"2020-01-10T14:52:03+00:00\",\"mainEntityOfPage\":{\"@id\":\"https:\/\/evsare.com\/pt\/sala-de-prensa\/ibil-pone-en-marcha-dos-nuevos-puntos-de-recarga-rapida-dentro-del-proyecto-cirve-en-burgos-e-irun\/\"},\"wordCount\":677,\"publisher\":{\"@id\":\"https:\/\/evsare.com\/#organization\"},\"image\":{\"@id\":\"https:\/\/evsare.com\/pt\/sala-de-prensa\/ibil-pone-en-marcha-dos-nuevos-puntos-de-recarga-rapida-dentro-del-proyecto-cirve-en-burgos-e-irun\/#primaryimage\"},\"thumbnailUrl\":\"https:\/\/evsare.com\/wp-content\/uploads\/2019\/09\/cirve-burgos.jpg\",\"inLanguage\":\"pt-PT\"},{\"@type\":\"WebPage\",\"@id\":\"https:\/\/evsare.com\/pt\/sala-de-prensa\/ibil-pone-en-marcha-dos-nuevos-puntos-de-recarga-rapida-dentro-del-proyecto-cirve-en-burgos-e-irun\/\",\"url\":\"https:\/\/evsare.com\/pt\/sala-de-prensa\/ibil-pone-en-marcha-dos-nuevos-puntos-de-recarga-rapida-dentro-del-proyecto-cirve-en-burgos-e-irun\/\",\"name\":\"IBIL pone en marcha dos nuevos puntos de recarga r\u00e1pida dentro del proyecto CIRVE en Burgos e Ir\u00fan - EVsare\",\"isPartOf\":{\"@id\":\"https:\/\/evsare.com\/#website\"},\"primaryImageOfPage\":{\"@id\":\"https:\/\/evsare.com\/pt\/sala-de-prensa\/ibil-pone-en-marcha-dos-nuevos-puntos-de-recarga-rapida-dentro-del-proyecto-cirve-en-burgos-e-irun\/#primaryimage\"},\"image\":{\"@id\":\"https:\/\/evsare.com\/pt\/sala-de-prensa\/ibil-pone-en-marcha-dos-nuevos-puntos-de-recarga-rapida-dentro-del-proyecto-cirve-en-burgos-e-irun\/#primaryimage\"},\"thumbnailUrl\":\"https:\/\/evsare.com\/wp-content\/uploads\/2019\/09\/cirve-burgos.jpg\",\"datePublished\":\"2018-10-22T13:16:52+00:00\",\"dateModified\":\"2020-01-10T14:52:03+00:00\",\"breadcrumb\":{\"@id\":\"https:\/\/evsare.com\/pt\/sala-de-prensa\/ibil-pone-en-marcha-dos-nuevos-puntos-de-recarga-rapida-dentro-del-proyecto-cirve-en-burgos-e-irun\/#breadcrumb\"},\"inLanguage\":\"pt-PT\",\"potentialAction\":[{\"@type\":\"ReadAction\",\"target\":[\"https:\/\/evsare.com\/pt\/sala-de-prensa\/ibil-pone-en-marcha-dos-nuevos-puntos-de-recarga-rapida-dentro-del-proyecto-cirve-en-burgos-e-irun\/\"]}]},{\"@type\":\"ImageObject\",\"inLanguage\":\"pt-PT\",\"@id\":\"https:\/\/evsare.com\/pt\/sala-de-prensa\/ibil-pone-en-marcha-dos-nuevos-puntos-de-recarga-rapida-dentro-del-proyecto-cirve-en-burgos-e-irun\/#primaryimage\",\"url\":\"https:\/\/evsare.com\/wp-content\/uploads\/2019\/09\/cirve-burgos.jpg\",\"contentUrl\":\"https:\/\/evsare.com\/wp-content\/uploads\/2019\/09\/cirve-burgos.jpg\",\"width\":750,\"height\":450},{\"@type\":\"BreadcrumbList\",\"@id\":\"https:\/\/evsare.com\/pt\/sala-de-prensa\/ibil-pone-en-marcha-dos-nuevos-puntos-de-recarga-rapida-dentro-del-proyecto-cirve-en-burgos-e-irun\/#breadcrumb\",\"itemListElement\":[{\"@type\":\"ListItem\",\"position\":1,\"name\":\"Home\",\"item\":\"https:\/\/evsare.com\/pt\/\"},{\"@type\":\"ListItem\",\"position\":2,\"name\":\"IBIL pone en marcha dos nuevos puntos de recarga r\u00e1pida dentro del proyecto CIRVE en Burgos e Ir\u00fan\"}]},{\"@type\":\"WebSite\",\"@id\":\"https:\/\/evsare.com\/#website\",\"url\":\"https:\/\/evsare.com\/\",\"name\":\"EVsare\",\"description\":\"La \u00faltima tecnolog\u00eda en servicios de recarga\",\"publisher\":{\"@id\":\"https:\/\/evsare.com\/#organization\"},\"potentialAction\":[{\"@type\":\"SearchAction\",\"target\":{\"@type\":\"EntryPoint\",\"urlTemplate\":\"https:\/\/evsare.com\/?s={search_term_string}\"},\"query-input\":{\"@type\":\"PropertyValueSpecification\",\"valueRequired\":true,\"valueName\":\"search_term_string\"}}],\"inLanguage\":\"pt-PT\"},{\"@type\":\"Organization\",\"@id\":\"https:\/\/evsare.com\/#organization\",\"name\":\"EVsare\",\"url\":\"https:\/\/evsare.com\/\",\"logo\":{\"@type\":\"ImageObject\",\"inLanguage\":\"pt-PT\",\"@id\":\"https:\/\/evsare.com\/#\/schema\/logo\/image\/\",\"url\":\"https:\/\/evsare.com\/wp-content\/uploads\/2025\/10\/evsare-favicon-152-2.png\",\"contentUrl\":\"https:\/\/evsare.com\/wp-content\/uploads\/2025\/10\/evsare-favicon-152-2.png\",\"width\":152,\"height\":152,\"caption\":\"EVsare\"},\"image\":{\"@id\":\"https:\/\/evsare.com\/#\/schema\/logo\/image\/\"},\"sameAs\":[\"https:\/\/es.linkedin.com\/company\/evsare\"]},{\"@type\":\"Person\",\"@id\":\"https:\/\/evsare.com\/#\/schema\/person\/2734eab244df5dccee2244fd55ed1f13\",\"name\":\"gesIbil\"}]}<\/script>\n<!-- \/ Yoast SEO plugin. -->","yoast_head_json":{"title":"IBIL pone en marcha dos nuevos puntos de recarga r\u00e1pida dentro del proyecto CIRVE en Burgos e Ir\u00fan - EVsare","robots":{"index":"index","follow":"follow","max-snippet":"max-snippet:-1","max-image-preview":"max-image-preview:large","max-video-preview":"max-video-preview:-1"},"canonical":"https:\/\/evsare.com\/pt\/sala-de-prensa\/ibil-pone-en-marcha-dos-nuevos-puntos-de-recarga-rapida-dentro-del-proyecto-cirve-en-burgos-e-irun\/","og_locale":"pt_PT","og_type":"article","og_title":"IBIL pone en marcha dos nuevos puntos de recarga r\u00e1pida dentro del proyecto CIRVE en Burgos e Ir\u00fan - EVsare","og_description":"IBIL, como l\u00edder en tecnolog\u00edas y servicios de recarga, realiza las tareas de coordinaci\u00f3n y de definici\u00f3n de requerimientos t\u00e9cnicos dentro del proyecto CIRVE. IBIL contribuir\u00e1 con 20 de los 40 puntos de carga r\u00e1pida que se pondr\u00e1n en servicio dentro de esta iniciativa (17 de los cuales ya se encuentran operativos). Este proyecto conectar\u00e1 a Espa\u00f1a mediante instalaciones de carga r\u00e1pida con Francia y Portugal a trav\u00e9s de los corredores Atl\u00e1ntico y Mediterr\u00e1neo. IBIL, empresa especializada en soluciones y servicios para la recarga de veh\u00edculos el\u00e9ctricos, ha puesto en marcha dos nuevos puntos de carga r\u00e1pida en el marco del proyecto\u00a0CIRVE\u00a0(Corredores Ib\u00e9ricos de Infraestructura de recarga r\u00e1pida de veh\u00edculos el\u00e9ctricos). Estos dos nuevos puntos se han instalado en las estaciones de servicio Repsol de Carde\u00f1ajimeno (Burgos, Ctra. N-120, Km. 106) y de Ir\u00fan (C\/Potzuetakogaina 19). Ambos, permiten realizar recargas tanto en corriente continua (CCS Combo, CHAdeMO) como en corriente alterna (Mennekes), con potencias de hasta 50kW. Para recargar en estos terminales, los usuarios solo tendr\u00e1n que descargarse la aplicaci\u00f3n m\u00f3vil de IBIL (Android\u00a0e\u00a0iOS), introducir la tarjeta de cr\u00e9dito en la aplicaci\u00f3n, y seleccionar\u00a0en el mapa\u00a0el terminal que se va a usar. Todo ello, sin necesidad de contratos para el [&hellip;]","og_url":"https:\/\/evsare.com\/pt\/sala-de-prensa\/ibil-pone-en-marcha-dos-nuevos-puntos-de-recarga-rapida-dentro-del-proyecto-cirve-en-burgos-e-irun\/","og_site_name":"EVsare","article_published_time":"2018-10-22T13:16:52+00:00","article_modified_time":"2020-01-10T14:52:03+00:00","og_image":[{"width":750,"height":450,"url":"https:\/\/evsare.com\/wp-content\/uploads\/2019\/09\/cirve-burgos.jpg","type":"image\/jpeg"}],"author":"gesIbil","twitter_card":"summary_large_image","twitter_misc":{"Escrito por":"gesIbil","Tempo estimado de leitura":"3 minutos"},"schema":{"@context":"https:\/\/schema.org","@graph":[{"@type":"Article","@id":"https:\/\/evsare.com\/pt\/sala-de-prensa\/ibil-pone-en-marcha-dos-nuevos-puntos-de-recarga-rapida-dentro-del-proyecto-cirve-en-burgos-e-irun\/#article","isPartOf":{"@id":"https:\/\/evsare.com\/pt\/sala-de-prensa\/ibil-pone-en-marcha-dos-nuevos-puntos-de-recarga-rapida-dentro-del-proyecto-cirve-en-burgos-e-irun\/"},"author":{"name":"gesIbil","@id":"https:\/\/evsare.com\/#\/schema\/person\/2734eab244df5dccee2244fd55ed1f13"},"headline":"IBIL pone en marcha dos nuevos puntos de recarga r\u00e1pida dentro del proyecto CIRVE en Burgos e Ir\u00fan","datePublished":"2018-10-22T13:16:52+00:00","dateModified":"2020-01-10T14:52:03+00:00","mainEntityOfPage":{"@id":"https:\/\/evsare.com\/pt\/sala-de-prensa\/ibil-pone-en-marcha-dos-nuevos-puntos-de-recarga-rapida-dentro-del-proyecto-cirve-en-burgos-e-irun\/"},"wordCount":677,"publisher":{"@id":"https:\/\/evsare.com\/#organization"},"image":{"@id":"https:\/\/evsare.com\/pt\/sala-de-prensa\/ibil-pone-en-marcha-dos-nuevos-puntos-de-recarga-rapida-dentro-del-proyecto-cirve-en-burgos-e-irun\/#primaryimage"},"thumbnailUrl":"https:\/\/evsare.com\/wp-content\/uploads\/2019\/09\/cirve-burgos.jpg","inLanguage":"pt-PT"},{"@type":"WebPage","@id":"https:\/\/evsare.com\/pt\/sala-de-prensa\/ibil-pone-en-marcha-dos-nuevos-puntos-de-recarga-rapida-dentro-del-proyecto-cirve-en-burgos-e-irun\/","url":"https:\/\/evsare.com\/pt\/sala-de-prensa\/ibil-pone-en-marcha-dos-nuevos-puntos-de-recarga-rapida-dentro-del-proyecto-cirve-en-burgos-e-irun\/","name":"IBIL pone en marcha dos nuevos puntos de recarga r\u00e1pida dentro del proyecto CIRVE en Burgos e Ir\u00fan - EVsare","isPartOf":{"@id":"https:\/\/evsare.com\/#website"},"primaryImageOfPage":{"@id":"https:\/\/evsare.com\/pt\/sala-de-prensa\/ibil-pone-en-marcha-dos-nuevos-puntos-de-recarga-rapida-dentro-del-proyecto-cirve-en-burgos-e-irun\/#primaryimage"},"image":{"@id":"https:\/\/evsare.com\/pt\/sala-de-prensa\/ibil-pone-en-marcha-dos-nuevos-puntos-de-recarga-rapida-dentro-del-proyecto-cirve-en-burgos-e-irun\/#primaryimage"},"thumbnailUrl":"https:\/\/evsare.com\/wp-content\/uploads\/2019\/09\/cirve-burgos.jpg","datePublished":"2018-10-22T13:16:52+00:00","dateModified":"2020-01-10T14:52:03+00:00","breadcrumb":{"@id":"https:\/\/evsare.com\/pt\/sala-de-prensa\/ibil-pone-en-marcha-dos-nuevos-puntos-de-recarga-rapida-dentro-del-proyecto-cirve-en-burgos-e-irun\/#breadcrumb"},"inLanguage":"pt-PT","potentialAction":[{"@type":"ReadAction","target":["https:\/\/evsare.com\/pt\/sala-de-prensa\/ibil-pone-en-marcha-dos-nuevos-puntos-de-recarga-rapida-dentro-del-proyecto-cirve-en-burgos-e-irun\/"]}]},{"@type":"ImageObject","inLanguage":"pt-PT","@id":"https:\/\/evsare.com\/pt\/sala-de-prensa\/ibil-pone-en-marcha-dos-nuevos-puntos-de-recarga-rapida-dentro-del-proyecto-cirve-en-burgos-e-irun\/#primaryimage","url":"https:\/\/evsare.com\/wp-content\/uploads\/2019\/09\/cirve-burgos.jpg","contentUrl":"https:\/\/evsare.com\/wp-content\/uploads\/2019\/09\/cirve-burgos.jpg","width":750,"height":450},{"@type":"BreadcrumbList","@id":"https:\/\/evsare.com\/pt\/sala-de-prensa\/ibil-pone-en-marcha-dos-nuevos-puntos-de-recarga-rapida-dentro-del-proyecto-cirve-en-burgos-e-irun\/#breadcrumb","itemListElement":[{"@type":"ListItem","position":1,"name":"Home","item":"https:\/\/evsare.com\/pt\/"},{"@type":"ListItem","position":2,"name":"IBIL pone en marcha dos nuevos puntos de recarga r\u00e1pida dentro del proyecto CIRVE en Burgos e Ir\u00fan"}]},{"@type":"WebSite","@id":"https:\/\/evsare.com\/#website","url":"https:\/\/evsare.com\/","name":"EVsare","description":"La \u00faltima tecnolog\u00eda en servicios de recarga","publisher":{"@id":"https:\/\/evsare.com\/#organization"},"potentialAction":[{"@type":"SearchAction","target":{"@type":"EntryPoint","urlTemplate":"https:\/\/evsare.com\/?s={search_term_string}"},"query-input":{"@type":"PropertyValueSpecification","valueRequired":true,"valueName":"search_term_string"}}],"inLanguage":"pt-PT"},{"@type":"Organization","@id":"https:\/\/evsare.com\/#organization","name":"EVsare","url":"https:\/\/evsare.com\/","logo":{"@type":"ImageObject","inLanguage":"pt-PT","@id":"https:\/\/evsare.com\/#\/schema\/logo\/image\/","url":"https:\/\/evsare.com\/wp-content\/uploads\/2025\/10\/evsare-favicon-152-2.png","contentUrl":"https:\/\/evsare.com\/wp-content\/uploads\/2025\/10\/evsare-favicon-152-2.png","width":152,"height":152,"caption":"EVsare"},"image":{"@id":"https:\/\/evsare.com\/#\/schema\/logo\/image\/"},"sameAs":["https:\/\/es.linkedin.com\/company\/evsare"]},{"@type":"Person","@id":"https:\/\/evsare.com\/#\/schema\/person\/2734eab244df5dccee2244fd55ed1f13","name":"gesIbil"}]}},"_links":{"self":[{"href":"https:\/\/evsare.com\/pt\/wp-json\/wp\/v2\/posts\/21308","targetHints":{"allow":["GET"]}}],"collection":[{"href":"https:\/\/evsare.com\/pt\/wp-json\/wp\/v2\/posts"}],"about":[{"href":"https:\/\/evsare.com\/pt\/wp-json\/wp\/v2\/types\/post"}],"author":[{"embeddable":true,"href":"https:\/\/evsare.com\/pt\/wp-json\/wp\/v2\/users\/1"}],"replies":[{"embeddable":true,"href":"https:\/\/evsare.com\/pt\/wp-json\/wp\/v2\/comments?post=21308"}],"version-history":[{"count":0,"href":"https:\/\/evsare.com\/pt\/wp-json\/wp\/v2\/posts\/21308\/revisions"}],"wp:featuredmedia":[{"embeddable":true,"href":"https:\/\/evsare.com\/pt\/wp-json\/wp\/v2\/media\/20025"}],"wp:attachment":[{"href":"https:\/\/evsare.com\/pt\/wp-json\/wp\/v2\/media?parent=21308"}],"wp:term":[{"taxonomy":"category","embeddable":true,"href":"https:\/\/evsare.com\/pt\/wp-json\/wp\/v2\/categories?post=21308"},{"taxonomy":"post_tag","embeddable":true,"href":"https:\/\/evsare.com\/pt\/wp-json\/wp\/v2\/tags?post=21308"}],"curies":[{"name":"wp","href":"https:\/\/api.w.org\/{rel}","templated":true}]}}