{"id":21305,"date":"2018-11-13T15:27:51","date_gmt":"2018-11-13T14:27:51","guid":{"rendered":"https:\/\/ibil.wpengine.com\/sala-de-prensa\/ficoba-cuenta-con-un-punto-de-recarga-publico-para-coches-electricos\/"},"modified":"2018-11-13T15:27:51","modified_gmt":"2018-11-13T14:27:51","slug":"ficoba-cuenta-con-un-punto-de-recarga-publico-para-coches-electricos","status":"publish","type":"post","link":"https:\/\/evsare.com\/pt\/sala-de-prensa\/ficoba-cuenta-con-un-punto-de-recarga-publico-para-coches-electricos\/","title":{"rendered":"FICOBA cuenta con un punto de recarga p\u00fablico para coches el\u00e9ctricos"},"content":{"rendered":"<ul>\n<li><strong>Ficoba ha contado con la empresa de servicios de recarga IBIL para la instalaci\u00f3n del punto de recarga y suministro de energ\u00eda.<\/strong><\/li>\n<li><strong>Se trata de un terminal, de carga normal, capaz de cargar 2 veh\u00edculos al mismo tiempo.<\/strong><\/li>\n<\/ul>\n<p>IBIL, empresa especializada en soluciones y servicios de recarga de veh\u00edculos el\u00e9ctricos, ha puesto en funcionamiento un terminal p\u00fablico en el parking del recinto ferial de<a href=\"http:\/\/www.ficoba.org\/\">\u00a0Ficoba<\/a>\u00a0en Ir\u00fan. Se trata de un terminal &#8220;Ibilbox 200 simult\u00e1neo&#8221;, capaz de cargar 2 veh\u00edculos al mismo tiempo, y que cuenta con una potencia de 7,4Kw por toma. La energ\u00eda con la que recarguen los veh\u00edculos es 100% renovable con certificado de origen.<br \/>\nEl punto de recarga se sit\u00faa en el parking subterr\u00e1neo del recinto ferial, junto a la salida C2, donde todos aquellos que quieran cargar su veh\u00edculo el\u00e9ctrico podr\u00e1n hacerlo de 8.00 a 22.00 horas (horario en el que el parking del recinto es gratuito para los usuarios). Fuera de ese horario, \u00fanicamente se podr\u00e1 utilizar el equipo de recarga por parte de los usuarios abonados al parking de Ficoba.<br \/>\nEl parking del recinto ferial de Ficoba se encuentra estrat\u00e9gicamente situado al lado en la frontera entre Francia y Espa\u00f1a, lo que facilitar\u00e1 los desplazamientos en veh\u00edculo electr\u00f3nico entre los 2 pa\u00edses.<br \/>\nLos usuarios que quieran hacer uso de este servicio solo tendr\u00e1n que descargarse la aplicaci\u00f3n m\u00f3vil de IBIL (<a href=\"https:\/\/play.google.com\/store\/apps\/details?id=es.ibil.android&amp;hl=es\">Android<\/a>\u00a0e\u00a0<a href=\"https:\/\/itunes.apple.com\/es\/app\/ibilmaps\/id658784812?mt=8\">iOS<\/a>), introducir la tarjeta de cr\u00e9dito en la aplicaci\u00f3n y seleccionar\u00a0<a href=\"https:\/\/evsare.com\/index.php\/es\/que-necesito\/servicio-integral-de-recarga\/red-publica-de-recarga\">en el mapa<\/a>\u00a0el terminal que se va a usar. Todo ello sin necesidad de contratos ni compromisos por parte de los conductores de veh\u00edculos el\u00e9ctricos.<br \/>\nEsta instalaci\u00f3n llega justo a tiempo para los visitantes que acudan en veh\u00edculo el\u00e9ctrico a la feria de\u00a0<a href=\"https:\/\/gomobility.eus\/es\/\">Go Mobility,<\/a>\u00a0que se celebrar\u00e1 el 27 y 28 de este mes en Ficoba, y que versar\u00e1 sobre la industria de la movilidad sostenible y el almacenamiento de energ\u00eda.<\/p>\n<p><strong>Promoci\u00f3n para el fomento del coche el\u00e9ctrico<\/strong><br \/>\n<a href=\"https:\/\/evsare.com\/index.php\/es\/plan-particulares\/promociones\/r-karga\">La promoci\u00f3n R-KARGA<\/a>\u00a0del\u00a0<a href=\"https:\/\/www.eve.eus\/Proyectos-energeticos\/Proyectos\/Transporte-alternativo\/Promocion-RKARGA.aspx?lang=es-ES\">EVE (Ente Vasco de la Energ\u00eda)<\/a>\u00a0todav\u00eda sigue vigente para promocionar de esta forma la movilidad el\u00e9ctrica a todos los usuarios del veh\u00edculo el\u00e9ctrico en Euskadi. Dependiendo del tipo y del uso del coche el\u00e9ctrico, el EVE tiene 3 tipos de promociones distintas:<br \/>\n<strong>_RKARGA-10:<\/strong>\u00a0aplicable a particulares del veh\u00edculo el\u00e9ctrico. Los usuarios que realicen las diez primera recargas desde la activaci\u00f3n en la promoci\u00f3n.<\/p>\n<p><strong>_RKARGA-30:<\/strong>\u00a0aplica a flotas de empresas y aut\u00f3nomos (no taxistas): las treinta primeras recargas p\u00fablicas son gratuitas desde la activaci\u00f3n en la promoci\u00f3n.<\/p>\n<p><strong>_RKARGA-Taxi:<\/strong>\u00a0aplica a taxistas. Una recarga p\u00fablica gratis al d\u00eda, desde la fecha de activaci\u00f3n de la promoci\u00f3n.<\/p>\n<p>Para solicitar la promoci\u00f3n, los interesados deber\u00e1n rellenar la<a href=\"http:\/\/www.eve.eus\/EVE\/media\/EVE\/proyectos%20energeticos\/Ficha-inscripcion-RKARGA.pdf\">\u00a0ficha de inscripci\u00f3n<\/a>\u00a0y enviarla firmada por correo electr\u00f3nico a\u00a0<a href=\"mailto:transporte@eve.eus\">transporte@eve.eus<\/a><\/p>\n<p><strong>Acerca de Ficoba<\/strong><br \/>\nFicoba, el Recinto Ferial de Gipuzkoa, abri\u00f3 sus puertas en Ir\u00fan en 2003. Situado en el coraz\u00f3n de la eurociudad Donostia-San Sebasti\u00e1n\/Bayona, Ficoba nace con el objetivo de constituirse en la primera feria transfronteriza de la Uni\u00f3n Europea y en el marco id\u00f3neo para que las pymes del entorno cuenten con un espacio adecuado para exponer productos y mantener relaciones comerciales. M\u00e1s informaci\u00f3n en:\u00a0<a href=\"http:\/\/www.ficoba.org\/\">http:\/\/www.ficoba.org\/<\/a><\/p>\n<p><strong>Acerca de IBIL<\/strong><br \/>\nEstablecida en 2010, IBIL se dedica en exclusiva a proveer servicios de carga a veh\u00edculos el\u00e9ctricos, siendo la primera empresa que se inscribi\u00f3 como Gestor de Carga en la Comisi\u00f3n Nacional de los Mercados y la Competencia. En la actualidad es la empresa privada con mayor inversi\u00f3n y despliegue en red p\u00fablica de recarga en Espa\u00f1a, destacando los 40 puntos de carga r\u00e1pida en servicio. En su corta historia ha ofrecido m\u00e1s de 382.722 cargas y ha gestionado m\u00e1s de 3,7 GWh. IBIL ofrece servicios a particulares, compa\u00f1\u00edas y administraciones p\u00fablicas, tanto en garajes comunitarios, empresas o en lugares de uso p\u00fablico. Adem\u00e1s, IBIL proporciona un servicio integral de recarga basado en energ\u00eda 100% renovable. IBIL es una empresa participada por Repsol y el Ente Vasco de la Energ\u00eda.<\/p>\n","protected":false},"excerpt":{"rendered":"<p>Ficoba ha contado con la empresa de servicios de recarga IBIL para la instalaci\u00f3n del punto de recarga y suministro de energ\u00eda. Se trata de un terminal, de carga normal, capaz de cargar 2 veh\u00edculos al mismo tiempo. IBIL, empresa especializada en soluciones y servicios de recarga de veh\u00edculos el\u00e9ctricos, ha puesto en funcionamiento un terminal p\u00fablico en el parking del recinto ferial de\u00a0Ficoba\u00a0en Ir\u00fan. Se trata de un terminal &#8220;Ibilbox 200 simult\u00e1neo&#8221;, capaz de cargar 2 veh\u00edculos al mismo tiempo, y que cuenta con una potencia de 7,4Kw por toma. La energ\u00eda con la que recarguen los veh\u00edculos es 100% renovable con certificado de origen. El punto de recarga se sit\u00faa en el parking subterr\u00e1neo del recinto ferial, junto a la salida C2, donde todos aquellos que quieran cargar su veh\u00edculo el\u00e9ctrico podr\u00e1n hacerlo de 8.00 a 22.00 horas (horario en el que el parking del recinto es gratuito para los usuarios). Fuera de ese horario, \u00fanicamente se podr\u00e1 utilizar el equipo de recarga por parte de los usuarios abonados al parking de Ficoba. El parking del recinto ferial de Ficoba se encuentra estrat\u00e9gicamente situado al lado en la frontera entre Francia y Espa\u00f1a, lo que facilitar\u00e1 los desplazamientos [&hellip;]<\/p>\n","protected":false},"author":1,"featured_media":20031,"comment_status":"closed","ping_status":"closed","sticky":false,"template":"","format":"standard","meta":{"footnotes":""},"categories":[23],"tags":[],"class_list":["post-21305","post","type-post","status-publish","format-standard","has-post-thumbnail","hentry","category-sem-categoria"],"yoast_head":"<!-- This site is optimized with the Yoast SEO plugin v26.3 - https:\/\/yoast.com\/wordpress\/plugins\/seo\/ -->\n<title>FICOBA cuenta con un punto de recarga p\u00fablico para coches el\u00e9ctricos - EVsare<\/title>\n<meta name=\"robots\" content=\"index, follow, max-snippet:-1, max-image-preview:large, max-video-preview:-1\" \/>\n<link rel=\"canonical\" href=\"https:\/\/evsare.com\/pt\/sala-de-prensa\/ficoba-cuenta-con-un-punto-de-recarga-publico-para-coches-electricos\/\" \/>\n<meta property=\"og:locale\" content=\"pt_PT\" \/>\n<meta property=\"og:type\" content=\"article\" \/>\n<meta property=\"og:title\" content=\"FICOBA cuenta con un punto de recarga p\u00fablico para coches el\u00e9ctricos - EVsare\" \/>\n<meta property=\"og:description\" content=\"Ficoba ha contado con la empresa de servicios de recarga IBIL para la instalaci\u00f3n del punto de recarga y suministro de energ\u00eda. Se trata de un terminal, de carga normal, capaz de cargar 2 veh\u00edculos al mismo tiempo. IBIL, empresa especializada en soluciones y servicios de recarga de veh\u00edculos el\u00e9ctricos, ha puesto en funcionamiento un terminal p\u00fablico en el parking del recinto ferial de\u00a0Ficoba\u00a0en Ir\u00fan. Se trata de un terminal &#8220;Ibilbox 200 simult\u00e1neo&#8221;, capaz de cargar 2 veh\u00edculos al mismo tiempo, y que cuenta con una potencia de 7,4Kw por toma. La energ\u00eda con la que recarguen los veh\u00edculos es 100% renovable con certificado de origen. El punto de recarga se sit\u00faa en el parking subterr\u00e1neo del recinto ferial, junto a la salida C2, donde todos aquellos que quieran cargar su veh\u00edculo el\u00e9ctrico podr\u00e1n hacerlo de 8.00 a 22.00 horas (horario en el que el parking del recinto es gratuito para los usuarios). Fuera de ese horario, \u00fanicamente se podr\u00e1 utilizar el equipo de recarga por parte de los usuarios abonados al parking de Ficoba. El parking del recinto ferial de Ficoba se encuentra estrat\u00e9gicamente situado al lado en la frontera entre Francia y Espa\u00f1a, lo que facilitar\u00e1 los desplazamientos [&hellip;]\" \/>\n<meta property=\"og:url\" content=\"https:\/\/evsare.com\/pt\/sala-de-prensa\/ficoba-cuenta-con-un-punto-de-recarga-publico-para-coches-electricos\/\" \/>\n<meta property=\"og:site_name\" content=\"EVsare\" \/>\n<meta property=\"article:published_time\" content=\"2018-11-13T14:27:51+00:00\" \/>\n<meta property=\"og:image\" content=\"https:\/\/evsare.com\/wp-content\/uploads\/2019\/09\/FICOBA-768.jpg\" \/>\n\t<meta property=\"og:image:width\" content=\"768\" \/>\n\t<meta property=\"og:image:height\" content=\"450\" \/>\n\t<meta property=\"og:image:type\" content=\"image\/jpeg\" \/>\n<meta name=\"author\" content=\"gesIbil\" \/>\n<meta name=\"twitter:card\" content=\"summary_large_image\" \/>\n<meta name=\"twitter:label1\" content=\"Escrito por\" \/>\n\t<meta name=\"twitter:data1\" content=\"gesIbil\" \/>\n\t<meta name=\"twitter:label2\" content=\"Tempo estimado de leitura\" \/>\n\t<meta name=\"twitter:data2\" content=\"4 minutos\" \/>\n<script type=\"application\/ld+json\" class=\"yoast-schema-graph\">{\"@context\":\"https:\/\/schema.org\",\"@graph\":[{\"@type\":\"Article\",\"@id\":\"https:\/\/evsare.com\/pt\/sala-de-prensa\/ficoba-cuenta-con-un-punto-de-recarga-publico-para-coches-electricos\/#article\",\"isPartOf\":{\"@id\":\"https:\/\/evsare.com\/pt\/sala-de-prensa\/ficoba-cuenta-con-un-punto-de-recarga-publico-para-coches-electricos\/\"},\"author\":{\"name\":\"gesIbil\",\"@id\":\"https:\/\/evsare.com\/#\/schema\/person\/2734eab244df5dccee2244fd55ed1f13\"},\"headline\":\"FICOBA cuenta con un punto de recarga p\u00fablico para coches el\u00e9ctricos\",\"datePublished\":\"2018-11-13T14:27:51+00:00\",\"mainEntityOfPage\":{\"@id\":\"https:\/\/evsare.com\/pt\/sala-de-prensa\/ficoba-cuenta-con-un-punto-de-recarga-publico-para-coches-electricos\/\"},\"wordCount\":731,\"publisher\":{\"@id\":\"https:\/\/evsare.com\/#organization\"},\"image\":{\"@id\":\"https:\/\/evsare.com\/pt\/sala-de-prensa\/ficoba-cuenta-con-un-punto-de-recarga-publico-para-coches-electricos\/#primaryimage\"},\"thumbnailUrl\":\"https:\/\/evsare.com\/wp-content\/uploads\/2019\/09\/FICOBA-768.jpg\",\"inLanguage\":\"pt-PT\"},{\"@type\":\"WebPage\",\"@id\":\"https:\/\/evsare.com\/pt\/sala-de-prensa\/ficoba-cuenta-con-un-punto-de-recarga-publico-para-coches-electricos\/\",\"url\":\"https:\/\/evsare.com\/pt\/sala-de-prensa\/ficoba-cuenta-con-un-punto-de-recarga-publico-para-coches-electricos\/\",\"name\":\"FICOBA cuenta con un punto de recarga p\u00fablico para coches el\u00e9ctricos - EVsare\",\"isPartOf\":{\"@id\":\"https:\/\/evsare.com\/#website\"},\"primaryImageOfPage\":{\"@id\":\"https:\/\/evsare.com\/pt\/sala-de-prensa\/ficoba-cuenta-con-un-punto-de-recarga-publico-para-coches-electricos\/#primaryimage\"},\"image\":{\"@id\":\"https:\/\/evsare.com\/pt\/sala-de-prensa\/ficoba-cuenta-con-un-punto-de-recarga-publico-para-coches-electricos\/#primaryimage\"},\"thumbnailUrl\":\"https:\/\/evsare.com\/wp-content\/uploads\/2019\/09\/FICOBA-768.jpg\",\"datePublished\":\"2018-11-13T14:27:51+00:00\",\"breadcrumb\":{\"@id\":\"https:\/\/evsare.com\/pt\/sala-de-prensa\/ficoba-cuenta-con-un-punto-de-recarga-publico-para-coches-electricos\/#breadcrumb\"},\"inLanguage\":\"pt-PT\",\"potentialAction\":[{\"@type\":\"ReadAction\",\"target\":[\"https:\/\/evsare.com\/pt\/sala-de-prensa\/ficoba-cuenta-con-un-punto-de-recarga-publico-para-coches-electricos\/\"]}]},{\"@type\":\"ImageObject\",\"inLanguage\":\"pt-PT\",\"@id\":\"https:\/\/evsare.com\/pt\/sala-de-prensa\/ficoba-cuenta-con-un-punto-de-recarga-publico-para-coches-electricos\/#primaryimage\",\"url\":\"https:\/\/evsare.com\/wp-content\/uploads\/2019\/09\/FICOBA-768.jpg\",\"contentUrl\":\"https:\/\/evsare.com\/wp-content\/uploads\/2019\/09\/FICOBA-768.jpg\",\"width\":768,\"height\":450},{\"@type\":\"BreadcrumbList\",\"@id\":\"https:\/\/evsare.com\/pt\/sala-de-prensa\/ficoba-cuenta-con-un-punto-de-recarga-publico-para-coches-electricos\/#breadcrumb\",\"itemListElement\":[{\"@type\":\"ListItem\",\"position\":1,\"name\":\"Home\",\"item\":\"https:\/\/evsare.com\/pt\/\"},{\"@type\":\"ListItem\",\"position\":2,\"name\":\"FICOBA cuenta con un punto de recarga p\u00fablico para coches el\u00e9ctricos\"}]},{\"@type\":\"WebSite\",\"@id\":\"https:\/\/evsare.com\/#website\",\"url\":\"https:\/\/evsare.com\/\",\"name\":\"EVsare\",\"description\":\"La \u00faltima tecnolog\u00eda en servicios de recarga\",\"publisher\":{\"@id\":\"https:\/\/evsare.com\/#organization\"},\"potentialAction\":[{\"@type\":\"SearchAction\",\"target\":{\"@type\":\"EntryPoint\",\"urlTemplate\":\"https:\/\/evsare.com\/?s={search_term_string}\"},\"query-input\":{\"@type\":\"PropertyValueSpecification\",\"valueRequired\":true,\"valueName\":\"search_term_string\"}}],\"inLanguage\":\"pt-PT\"},{\"@type\":\"Organization\",\"@id\":\"https:\/\/evsare.com\/#organization\",\"name\":\"EVsare\",\"url\":\"https:\/\/evsare.com\/\",\"logo\":{\"@type\":\"ImageObject\",\"inLanguage\":\"pt-PT\",\"@id\":\"https:\/\/evsare.com\/#\/schema\/logo\/image\/\",\"url\":\"https:\/\/evsare.com\/wp-content\/uploads\/2025\/10\/evsare-favicon-152-2.png\",\"contentUrl\":\"https:\/\/evsare.com\/wp-content\/uploads\/2025\/10\/evsare-favicon-152-2.png\",\"width\":152,\"height\":152,\"caption\":\"EVsare\"},\"image\":{\"@id\":\"https:\/\/evsare.com\/#\/schema\/logo\/image\/\"},\"sameAs\":[\"https:\/\/es.linkedin.com\/company\/evsare\"]},{\"@type\":\"Person\",\"@id\":\"https:\/\/evsare.com\/#\/schema\/person\/2734eab244df5dccee2244fd55ed1f13\",\"name\":\"gesIbil\"}]}<\/script>\n<!-- \/ Yoast SEO plugin. -->","yoast_head_json":{"title":"FICOBA cuenta con un punto de recarga p\u00fablico para coches el\u00e9ctricos - EVsare","robots":{"index":"index","follow":"follow","max-snippet":"max-snippet:-1","max-image-preview":"max-image-preview:large","max-video-preview":"max-video-preview:-1"},"canonical":"https:\/\/evsare.com\/pt\/sala-de-prensa\/ficoba-cuenta-con-un-punto-de-recarga-publico-para-coches-electricos\/","og_locale":"pt_PT","og_type":"article","og_title":"FICOBA cuenta con un punto de recarga p\u00fablico para coches el\u00e9ctricos - EVsare","og_description":"Ficoba ha contado con la empresa de servicios de recarga IBIL para la instalaci\u00f3n del punto de recarga y suministro de energ\u00eda. Se trata de un terminal, de carga normal, capaz de cargar 2 veh\u00edculos al mismo tiempo. IBIL, empresa especializada en soluciones y servicios de recarga de veh\u00edculos el\u00e9ctricos, ha puesto en funcionamiento un terminal p\u00fablico en el parking del recinto ferial de\u00a0Ficoba\u00a0en Ir\u00fan. Se trata de un terminal &#8220;Ibilbox 200 simult\u00e1neo&#8221;, capaz de cargar 2 veh\u00edculos al mismo tiempo, y que cuenta con una potencia de 7,4Kw por toma. La energ\u00eda con la que recarguen los veh\u00edculos es 100% renovable con certificado de origen. El punto de recarga se sit\u00faa en el parking subterr\u00e1neo del recinto ferial, junto a la salida C2, donde todos aquellos que quieran cargar su veh\u00edculo el\u00e9ctrico podr\u00e1n hacerlo de 8.00 a 22.00 horas (horario en el que el parking del recinto es gratuito para los usuarios). Fuera de ese horario, \u00fanicamente se podr\u00e1 utilizar el equipo de recarga por parte de los usuarios abonados al parking de Ficoba. El parking del recinto ferial de Ficoba se encuentra estrat\u00e9gicamente situado al lado en la frontera entre Francia y Espa\u00f1a, lo que facilitar\u00e1 los desplazamientos [&hellip;]","og_url":"https:\/\/evsare.com\/pt\/sala-de-prensa\/ficoba-cuenta-con-un-punto-de-recarga-publico-para-coches-electricos\/","og_site_name":"EVsare","article_published_time":"2018-11-13T14:27:51+00:00","og_image":[{"width":768,"height":450,"url":"https:\/\/evsare.com\/wp-content\/uploads\/2019\/09\/FICOBA-768.jpg","type":"image\/jpeg"}],"author":"gesIbil","twitter_card":"summary_large_image","twitter_misc":{"Escrito por":"gesIbil","Tempo estimado de leitura":"4 minutos"},"schema":{"@context":"https:\/\/schema.org","@graph":[{"@type":"Article","@id":"https:\/\/evsare.com\/pt\/sala-de-prensa\/ficoba-cuenta-con-un-punto-de-recarga-publico-para-coches-electricos\/#article","isPartOf":{"@id":"https:\/\/evsare.com\/pt\/sala-de-prensa\/ficoba-cuenta-con-un-punto-de-recarga-publico-para-coches-electricos\/"},"author":{"name":"gesIbil","@id":"https:\/\/evsare.com\/#\/schema\/person\/2734eab244df5dccee2244fd55ed1f13"},"headline":"FICOBA cuenta con un punto de recarga p\u00fablico para coches el\u00e9ctricos","datePublished":"2018-11-13T14:27:51+00:00","mainEntityOfPage":{"@id":"https:\/\/evsare.com\/pt\/sala-de-prensa\/ficoba-cuenta-con-un-punto-de-recarga-publico-para-coches-electricos\/"},"wordCount":731,"publisher":{"@id":"https:\/\/evsare.com\/#organization"},"image":{"@id":"https:\/\/evsare.com\/pt\/sala-de-prensa\/ficoba-cuenta-con-un-punto-de-recarga-publico-para-coches-electricos\/#primaryimage"},"thumbnailUrl":"https:\/\/evsare.com\/wp-content\/uploads\/2019\/09\/FICOBA-768.jpg","inLanguage":"pt-PT"},{"@type":"WebPage","@id":"https:\/\/evsare.com\/pt\/sala-de-prensa\/ficoba-cuenta-con-un-punto-de-recarga-publico-para-coches-electricos\/","url":"https:\/\/evsare.com\/pt\/sala-de-prensa\/ficoba-cuenta-con-un-punto-de-recarga-publico-para-coches-electricos\/","name":"FICOBA cuenta con un punto de recarga p\u00fablico para coches el\u00e9ctricos - EVsare","isPartOf":{"@id":"https:\/\/evsare.com\/#website"},"primaryImageOfPage":{"@id":"https:\/\/evsare.com\/pt\/sala-de-prensa\/ficoba-cuenta-con-un-punto-de-recarga-publico-para-coches-electricos\/#primaryimage"},"image":{"@id":"https:\/\/evsare.com\/pt\/sala-de-prensa\/ficoba-cuenta-con-un-punto-de-recarga-publico-para-coches-electricos\/#primaryimage"},"thumbnailUrl":"https:\/\/evsare.com\/wp-content\/uploads\/2019\/09\/FICOBA-768.jpg","datePublished":"2018-11-13T14:27:51+00:00","breadcrumb":{"@id":"https:\/\/evsare.com\/pt\/sala-de-prensa\/ficoba-cuenta-con-un-punto-de-recarga-publico-para-coches-electricos\/#breadcrumb"},"inLanguage":"pt-PT","potentialAction":[{"@type":"ReadAction","target":["https:\/\/evsare.com\/pt\/sala-de-prensa\/ficoba-cuenta-con-un-punto-de-recarga-publico-para-coches-electricos\/"]}]},{"@type":"ImageObject","inLanguage":"pt-PT","@id":"https:\/\/evsare.com\/pt\/sala-de-prensa\/ficoba-cuenta-con-un-punto-de-recarga-publico-para-coches-electricos\/#primaryimage","url":"https:\/\/evsare.com\/wp-content\/uploads\/2019\/09\/FICOBA-768.jpg","contentUrl":"https:\/\/evsare.com\/wp-content\/uploads\/2019\/09\/FICOBA-768.jpg","width":768,"height":450},{"@type":"BreadcrumbList","@id":"https:\/\/evsare.com\/pt\/sala-de-prensa\/ficoba-cuenta-con-un-punto-de-recarga-publico-para-coches-electricos\/#breadcrumb","itemListElement":[{"@type":"ListItem","position":1,"name":"Home","item":"https:\/\/evsare.com\/pt\/"},{"@type":"ListItem","position":2,"name":"FICOBA cuenta con un punto de recarga p\u00fablico para coches el\u00e9ctricos"}]},{"@type":"WebSite","@id":"https:\/\/evsare.com\/#website","url":"https:\/\/evsare.com\/","name":"EVsare","description":"La \u00faltima tecnolog\u00eda en servicios de recarga","publisher":{"@id":"https:\/\/evsare.com\/#organization"},"potentialAction":[{"@type":"SearchAction","target":{"@type":"EntryPoint","urlTemplate":"https:\/\/evsare.com\/?s={search_term_string}"},"query-input":{"@type":"PropertyValueSpecification","valueRequired":true,"valueName":"search_term_string"}}],"inLanguage":"pt-PT"},{"@type":"Organization","@id":"https:\/\/evsare.com\/#organization","name":"EVsare","url":"https:\/\/evsare.com\/","logo":{"@type":"ImageObject","inLanguage":"pt-PT","@id":"https:\/\/evsare.com\/#\/schema\/logo\/image\/","url":"https:\/\/evsare.com\/wp-content\/uploads\/2025\/10\/evsare-favicon-152-2.png","contentUrl":"https:\/\/evsare.com\/wp-content\/uploads\/2025\/10\/evsare-favicon-152-2.png","width":152,"height":152,"caption":"EVsare"},"image":{"@id":"https:\/\/evsare.com\/#\/schema\/logo\/image\/"},"sameAs":["https:\/\/es.linkedin.com\/company\/evsare"]},{"@type":"Person","@id":"https:\/\/evsare.com\/#\/schema\/person\/2734eab244df5dccee2244fd55ed1f13","name":"gesIbil"}]}},"_links":{"self":[{"href":"https:\/\/evsare.com\/pt\/wp-json\/wp\/v2\/posts\/21305","targetHints":{"allow":["GET"]}}],"collection":[{"href":"https:\/\/evsare.com\/pt\/wp-json\/wp\/v2\/posts"}],"about":[{"href":"https:\/\/evsare.com\/pt\/wp-json\/wp\/v2\/types\/post"}],"author":[{"embeddable":true,"href":"https:\/\/evsare.com\/pt\/wp-json\/wp\/v2\/users\/1"}],"replies":[{"embeddable":true,"href":"https:\/\/evsare.com\/pt\/wp-json\/wp\/v2\/comments?post=21305"}],"version-history":[{"count":0,"href":"https:\/\/evsare.com\/pt\/wp-json\/wp\/v2\/posts\/21305\/revisions"}],"wp:featuredmedia":[{"embeddable":true,"href":"https:\/\/evsare.com\/pt\/wp-json\/wp\/v2\/media\/20031"}],"wp:attachment":[{"href":"https:\/\/evsare.com\/pt\/wp-json\/wp\/v2\/media?parent=21305"}],"wp:term":[{"taxonomy":"category","embeddable":true,"href":"https:\/\/evsare.com\/pt\/wp-json\/wp\/v2\/categories?post=21305"},{"taxonomy":"post_tag","embeddable":true,"href":"https:\/\/evsare.com\/pt\/wp-json\/wp\/v2\/tags?post=21305"}],"curies":[{"name":"wp","href":"https:\/\/api.w.org\/{rel}","templated":true}]}}