{"id":22169,"date":"2019-10-07T11:47:43","date_gmt":"2019-10-07T09:47:43","guid":{"rendered":"https:\/\/ibil.wpengine.com\/sala-de-prensa\/repsol-inaugura-en-bizkaia-la-estacion-de-recarga-para-vehiculo-electrico-de-mayor-potencia-de-europa\/"},"modified":"2019-10-07T11:47:43","modified_gmt":"2019-10-07T09:47:43","slug":"repsol-inaugura-en-bizkaia-la-estacion-de-recarga-para-vehiculo-electrico-de-mayor-potencia-de-europa","status":"publish","type":"post","link":"https:\/\/evsare.com\/eu\/sala-de-prensa\/repsol-inaugura-en-bizkaia-la-estacion-de-recarga-para-vehiculo-electrico-de-mayor-potencia-de-europa\/","title":{"rendered":"REPSOL INAUGURA EN BIZKAIA LA ESTACI\u00d3N DE RECARGA PARA VEH\u00cdCULO EL\u00c9CTRICO DE MAYOR POTENCIA DE EUROPA"},"content":{"rendered":"<ul>\n<li>La instalaci\u00f3n, situada en la estaci\u00f3n de servicio de Repsol en Ugaldebieta (Abanto-Zierbena), es la primera en Europa que permite recargar el veh\u00edculo con 400 kW de potencia.<\/li>\n<li>Es el segundo punto de recarga ultra-r\u00e1pida que inaugura la compa\u00f1\u00eda multienerg\u00e9tica en sus estaciones de servicio en el a\u00f1o 2019. El primero fue en el mes de abril en Lopidana (\u00c1lava).<\/li>\n<li>IBIL, empresa encargada del desarrollo de esta infraestructura, y las empresas vascas Ingeteam, suministradora del sistema de recarga y Ormazabal, encargada del centro de transformaci\u00f3n, han desarrollado este sistema \u00fanico en Europa.<\/li>\n<li>Los equipos de recarga de esta estaci\u00f3n garantizan que toda la potencia disponible en la instalaci\u00f3n pueda repartirse de forma \u00f3ptima entre los veh\u00edculos conectados a los equipos de recarga.<\/li>\n<li>Al acto de inauguraci\u00f3n de esta instalaci\u00f3n, han asistido el consejero delegado de Repsol, Josu Jon Imaz, el presidente de Ibil, Emiliano L\u00f3pez Atxurra, el diputado general de Bizkaia, Unai Rementeria, la alcaldesa de Abanto-Zierbena, Maite Etxebarria y la consejera de desarrollo econ\u00f3mico e infraestructuras del Gobierno Vasco, Arantxa Tapia.<\/li>\n<\/ul>\n<p>Repsol ha inaugurado la estaci\u00f3n de recarga para veh\u00edculo el\u00e9ctrico con los terminales de recarga de mayor potencia de Europa. Esta instalaci\u00f3n, ubicada en la estaci\u00f3n de servicio de Ugaldebieta, en la localidad de Abanto-Zierbena, dispone de cuatro terminales capaces de entregar, individualmente, hasta 400 kW, que permiten recargar la bater\u00eda de veh\u00edculos que soporten su potencia m\u00e1xima en un tiempo de entre cinco y diez minutos, similar al que se emplea en un repostaje convencional.<\/p>\n<p>Hasta ahora, las infraestructuras para turismos y camionetas en Europa alcanzaban los 350 kW de potencia, lo que hace que esta estaci\u00f3n se sit\u00fae a la vanguardia en la tecnolog\u00eda de recarga de veh\u00edculo el\u00e9ctrico. Adem\u00e1s, estos equipos de recarga garantizan un reparto \u00f3ptimo de la potencia disponible en la instalaci\u00f3n en los cuatro veh\u00edculos que pueden estar conectados.<\/p>\n<p>Al acto de inauguraci\u00f3n han asistido el consejero delegado de Repsol, Josu Jon Imaz, el presidente de Ibil, Emiliano L\u00f3pez Atxurra, el diputado general de Bizkaia, Unai Rementeria, la alcaldesa de Abanto-Zierbena, Maite Etxebarria y la consejera de desarrollo econ\u00f3mico e infraestructuras del Gobierno Vasco, Arantxa Tapia.<\/p>\n<p>Para Josu Jon Imaz, \u201ceste segundo punto de recarga ultra-r\u00e1pida permite a Repsol seguir siendo un referente en movilidad en Espa\u00f1a, donde ya participa en la mayor red de recarga el\u00e9ctrica p\u00fablica del pa\u00eds. La instalaci\u00f3n de Ugaldebieta que hoy estamos inaugurando es un claro ejemplo de la apuesta de Repsol por la innovaci\u00f3n y el desarrollo de nuevos productos y servicios adecuados a las necesidades de los clientes\u201d.<\/p>\n<p>IBIL, empresa participada por Repsol y el Ente Vasco de la Energ\u00eda, ha sido la empresa encargada de liderar el proyecto desde el dise\u00f1o y ejecuci\u00f3n de la instalaci\u00f3n de este sistema de recarga, incluyendo las infraestructuras el\u00e9ctricas asociadas, hasta la operaci\u00f3n del sistema, marcando as\u00ed un hito tecnol\u00f3gico de relevancia. Adem\u00e1s, los inversores y terminales de recarga han sido fabricados por Ingeteam y el centro de transformaci\u00f3n completo ha sido suministrado por Ormazabal, lo que significa que estas instalaciones cuentan con tecnolog\u00eda nacional.<\/p>\n<p>Los terminales de recarga de alta potencia de la estaci\u00f3n de servicio de Ugaldebieta destacan no solo por su potencia, sino tambi\u00e9n por facilitar la integraci\u00f3n de recursos distribuidos de energ\u00eda como son la generaci\u00f3n renovable y el almacenamiento de energ\u00eda. Es decir, en esta estaci\u00f3n, ser\u00e1 posible utilizar placas solares y almacenamiento con diversos fines como cargar veh\u00edculos el\u00e9ctricos o verter esa energ\u00eda en el momento adecuado a la red el\u00e9ctrica que alimenta hogares e industrias. De esta manera, adem\u00e1s de desaparecer las emisiones contaminantes de los veh\u00edculos, tambi\u00e9n se podr\u00e1n reducir o eliminar las emisiones causadas al generar la energ\u00eda que los alimenta.<\/p>\n<p>Tras la inauguraci\u00f3n de hoy, Repsol cuenta con dos puntos de recarga ultra-r\u00e1pida y 35 de recarga r\u00e1pida en sus estaciones de servicio, y participa, a trav\u00e9s de Ibil, en una red con m\u00e1s de 1.700 puntos, de los que 230 son de acceso p\u00fablico. La compa\u00f1\u00eda prev\u00e9 instalar nuevos puntos de recarga ultra-r\u00e1pida en los pr\u00f3ximos meses.<\/p>\n<p><strong>Repsol On<\/strong><\/p>\n<p>La estaci\u00f3n de servicio de Ugaldebieta ser\u00e1 un punto de referencia innovador tanto en la red de recarga como en el resto de instalaciones, y es que Repsol ha abierto aqu\u00ed el establecimiento Repsol On, un nuevo concepto de tienda en una estaci\u00f3n de servicio que se caracteriza por ofrecer alimentaci\u00f3n saludable y servicios de calidad, adapt\u00e1ndose a las necesidades de los clientes y sin necesidad de repostar.<\/p>\n<p><strong>Tipos de recarga el\u00e9ctrica<\/strong><\/p>\n<p><img loading=\"lazy\" decoding=\"async\" class=\"alignnone size-full wp-image-22160\" src=\"https:\/\/evsare.com\/wp-content\/uploads\/2020\/04\/Tipos-de-recarga-el\u00e9ctrica.png\" alt=\"\" width=\"1200\" height=\"673\" \/><\/p>\n<p><strong>Puntos de recarga el\u00e9ctrica en estaciones de servicio Repsol<\/strong><\/p>\n<p><img loading=\"lazy\" decoding=\"async\" class=\"alignnone size-full wp-image-22156\" src=\"https:\/\/evsare.com\/wp-content\/uploads\/2020\/04\/Puntos-de-recarga-e\u00e9ctrica-en-estaciones-de-servicio-Repsol.png\" alt=\"\" width=\"1200\" height=\"673\" \/><\/p>\n","protected":false},"excerpt":{"rendered":"<p>La instalaci\u00f3n, situada en la estaci\u00f3n de servicio de Repsol en Ugaldebieta (Abanto-Zierbena), es la primera en Europa que permite recargar el veh\u00edculo con 400 kW de potencia. Es el segundo punto de recarga ultra-r\u00e1pida que inaugura la compa\u00f1\u00eda multienerg\u00e9tica en sus estaciones de servicio en el a\u00f1o 2019. El primero fue en el mes de abril en Lopidana (\u00c1lava). IBIL, empresa encargada del desarrollo de esta infraestructura, y las empresas vascas Ingeteam, suministradora del sistema de recarga y Ormazabal, encargada del centro de transformaci\u00f3n, han desarrollado este sistema \u00fanico en Europa. Los equipos de recarga de esta estaci\u00f3n garantizan que toda la potencia disponible en la instalaci\u00f3n pueda repartirse de forma \u00f3ptima entre los veh\u00edculos conectados a los equipos de recarga. Al acto de inauguraci\u00f3n de esta instalaci\u00f3n, han asistido el consejero delegado de Repsol, Josu Jon Imaz, el presidente de Ibil, Emiliano L\u00f3pez Atxurra, el diputado general de Bizkaia, Unai Rementeria, la alcaldesa de Abanto-Zierbena, Maite Etxebarria y la consejera de desarrollo econ\u00f3mico e infraestructuras del Gobierno Vasco, Arantxa Tapia. Repsol ha inaugurado la estaci\u00f3n de recarga para veh\u00edculo el\u00e9ctrico con los terminales de recarga de mayor potencia de Europa. Esta instalaci\u00f3n, ubicada en la estaci\u00f3n de servicio [&hellip;]<\/p>\n","protected":false},"author":4,"featured_media":22165,"comment_status":"closed","ping_status":"closed","sticky":false,"template":"","format":"standard","meta":{"footnotes":""},"categories":[21],"tags":[],"class_list":["post-22169","post","type-post","status-publish","format-standard","has-post-thumbnail","hentry","category-uncategorized-eu"],"yoast_head":"<!-- This site is optimized with the Yoast SEO plugin v26.3 - https:\/\/yoast.com\/wordpress\/plugins\/seo\/ -->\n<title>REPSOL INAUGURA EN BIZKAIA LA ESTACI\u00d3N DE RECARGA PARA VEH\u00cdCULO EL\u00c9CTRICO DE MAYOR POTENCIA DE EUROPA - EVsare<\/title>\n<meta name=\"robots\" content=\"index, follow, max-snippet:-1, max-image-preview:large, max-video-preview:-1\" \/>\n<link rel=\"canonical\" href=\"https:\/\/evsare.com\/eu\/sala-de-prensa\/repsol-inaugura-en-bizkaia-la-estacion-de-recarga-para-vehiculo-electrico-de-mayor-potencia-de-europa\/\" \/>\n<meta property=\"og:locale\" content=\"eu_ES\" \/>\n<meta property=\"og:type\" content=\"article\" \/>\n<meta property=\"og:title\" content=\"REPSOL INAUGURA EN BIZKAIA LA ESTACI\u00d3N DE RECARGA PARA VEH\u00cdCULO EL\u00c9CTRICO DE MAYOR POTENCIA DE EUROPA - EVsare\" \/>\n<meta property=\"og:description\" content=\"La instalaci\u00f3n, situada en la estaci\u00f3n de servicio de Repsol en Ugaldebieta (Abanto-Zierbena), es la primera en Europa que permite recargar el veh\u00edculo con 400 kW de potencia. Es el segundo punto de recarga ultra-r\u00e1pida que inaugura la compa\u00f1\u00eda multienerg\u00e9tica en sus estaciones de servicio en el a\u00f1o 2019. El primero fue en el mes de abril en Lopidana (\u00c1lava). IBIL, empresa encargada del desarrollo de esta infraestructura, y las empresas vascas Ingeteam, suministradora del sistema de recarga y Ormazabal, encargada del centro de transformaci\u00f3n, han desarrollado este sistema \u00fanico en Europa. Los equipos de recarga de esta estaci\u00f3n garantizan que toda la potencia disponible en la instalaci\u00f3n pueda repartirse de forma \u00f3ptima entre los veh\u00edculos conectados a los equipos de recarga. Al acto de inauguraci\u00f3n de esta instalaci\u00f3n, han asistido el consejero delegado de Repsol, Josu Jon Imaz, el presidente de Ibil, Emiliano L\u00f3pez Atxurra, el diputado general de Bizkaia, Unai Rementeria, la alcaldesa de Abanto-Zierbena, Maite Etxebarria y la consejera de desarrollo econ\u00f3mico e infraestructuras del Gobierno Vasco, Arantxa Tapia. Repsol ha inaugurado la estaci\u00f3n de recarga para veh\u00edculo el\u00e9ctrico con los terminales de recarga de mayor potencia de Europa. Esta instalaci\u00f3n, ubicada en la estaci\u00f3n de servicio [&hellip;]\" \/>\n<meta property=\"og:url\" content=\"https:\/\/evsare.com\/eu\/sala-de-prensa\/repsol-inaugura-en-bizkaia-la-estacion-de-recarga-para-vehiculo-electrico-de-mayor-potencia-de-europa\/\" \/>\n<meta property=\"og:site_name\" content=\"EVsare\" \/>\n<meta property=\"article:published_time\" content=\"2019-10-07T09:47:43+00:00\" \/>\n<meta property=\"og:image\" content=\"https:\/\/evsare.com\/wp-content\/uploads\/2020\/04\/Ugaldebieta-puntos-de-recarga-ultra-r\u00e1pida-veh\u00edculo-el\u00e9ctrico.jpg\" \/>\n\t<meta property=\"og:image:width\" content=\"1000\" \/>\n\t<meta property=\"og:image:height\" content=\"666\" \/>\n\t<meta property=\"og:image:type\" content=\"image\/jpeg\" \/>\n<meta name=\"author\" content=\"Comunicacion\" \/>\n<meta name=\"twitter:card\" content=\"summary_large_image\" \/>\n<meta name=\"twitter:label1\" content=\"Written by\" \/>\n\t<meta name=\"twitter:data1\" content=\"Comunicacion\" \/>\n\t<meta name=\"twitter:label2\" content=\"Est. reading time\" \/>\n\t<meta name=\"twitter:data2\" content=\"4 minutes\" \/>\n<script type=\"application\/ld+json\" class=\"yoast-schema-graph\">{\"@context\":\"https:\/\/schema.org\",\"@graph\":[{\"@type\":\"Article\",\"@id\":\"https:\/\/evsare.com\/eu\/sala-de-prensa\/repsol-inaugura-en-bizkaia-la-estacion-de-recarga-para-vehiculo-electrico-de-mayor-potencia-de-europa\/#article\",\"isPartOf\":{\"@id\":\"https:\/\/evsare.com\/eu\/sala-de-prensa\/repsol-inaugura-en-bizkaia-la-estacion-de-recarga-para-vehiculo-electrico-de-mayor-potencia-de-europa\/\"},\"author\":{\"name\":\"Comunicacion\",\"@id\":\"https:\/\/evsare.com\/#\/schema\/person\/d2eb10c4787c60407d60e78230f85db6\"},\"headline\":\"REPSOL INAUGURA EN BIZKAIA LA ESTACI\u00d3N DE RECARGA PARA VEH\u00cdCULO EL\u00c9CTRICO DE MAYOR POTENCIA DE EUROPA\",\"datePublished\":\"2019-10-07T09:47:43+00:00\",\"mainEntityOfPage\":{\"@id\":\"https:\/\/evsare.com\/eu\/sala-de-prensa\/repsol-inaugura-en-bizkaia-la-estacion-de-recarga-para-vehiculo-electrico-de-mayor-potencia-de-europa\/\"},\"wordCount\":847,\"publisher\":{\"@id\":\"https:\/\/evsare.com\/#organization\"},\"image\":{\"@id\":\"https:\/\/evsare.com\/eu\/sala-de-prensa\/repsol-inaugura-en-bizkaia-la-estacion-de-recarga-para-vehiculo-electrico-de-mayor-potencia-de-europa\/#primaryimage\"},\"thumbnailUrl\":\"https:\/\/evsare.com\/wp-content\/uploads\/2020\/04\/Ugaldebieta-puntos-de-recarga-ultra-r\u00e1pida-veh\u00edculo-el\u00e9ctrico.jpg\",\"articleSection\":[\"Uncategorized @eu\"],\"inLanguage\":\"eu-ES\"},{\"@type\":\"WebPage\",\"@id\":\"https:\/\/evsare.com\/eu\/sala-de-prensa\/repsol-inaugura-en-bizkaia-la-estacion-de-recarga-para-vehiculo-electrico-de-mayor-potencia-de-europa\/\",\"url\":\"https:\/\/evsare.com\/eu\/sala-de-prensa\/repsol-inaugura-en-bizkaia-la-estacion-de-recarga-para-vehiculo-electrico-de-mayor-potencia-de-europa\/\",\"name\":\"REPSOL INAUGURA EN BIZKAIA LA ESTACI\u00d3N DE RECARGA PARA VEH\u00cdCULO EL\u00c9CTRICO DE MAYOR POTENCIA DE EUROPA - EVsare\",\"isPartOf\":{\"@id\":\"https:\/\/evsare.com\/#website\"},\"primaryImageOfPage\":{\"@id\":\"https:\/\/evsare.com\/eu\/sala-de-prensa\/repsol-inaugura-en-bizkaia-la-estacion-de-recarga-para-vehiculo-electrico-de-mayor-potencia-de-europa\/#primaryimage\"},\"image\":{\"@id\":\"https:\/\/evsare.com\/eu\/sala-de-prensa\/repsol-inaugura-en-bizkaia-la-estacion-de-recarga-para-vehiculo-electrico-de-mayor-potencia-de-europa\/#primaryimage\"},\"thumbnailUrl\":\"https:\/\/evsare.com\/wp-content\/uploads\/2020\/04\/Ugaldebieta-puntos-de-recarga-ultra-r\u00e1pida-veh\u00edculo-el\u00e9ctrico.jpg\",\"datePublished\":\"2019-10-07T09:47:43+00:00\",\"breadcrumb\":{\"@id\":\"https:\/\/evsare.com\/eu\/sala-de-prensa\/repsol-inaugura-en-bizkaia-la-estacion-de-recarga-para-vehiculo-electrico-de-mayor-potencia-de-europa\/#breadcrumb\"},\"inLanguage\":\"eu-ES\",\"potentialAction\":[{\"@type\":\"ReadAction\",\"target\":[\"https:\/\/evsare.com\/eu\/sala-de-prensa\/repsol-inaugura-en-bizkaia-la-estacion-de-recarga-para-vehiculo-electrico-de-mayor-potencia-de-europa\/\"]}]},{\"@type\":\"ImageObject\",\"inLanguage\":\"eu-ES\",\"@id\":\"https:\/\/evsare.com\/eu\/sala-de-prensa\/repsol-inaugura-en-bizkaia-la-estacion-de-recarga-para-vehiculo-electrico-de-mayor-potencia-de-europa\/#primaryimage\",\"url\":\"https:\/\/evsare.com\/wp-content\/uploads\/2020\/04\/Ugaldebieta-puntos-de-recarga-ultra-r\u00e1pida-veh\u00edculo-el\u00e9ctrico.jpg\",\"contentUrl\":\"https:\/\/evsare.com\/wp-content\/uploads\/2020\/04\/Ugaldebieta-puntos-de-recarga-ultra-r\u00e1pida-veh\u00edculo-el\u00e9ctrico.jpg\",\"width\":1000,\"height\":666,\"caption\":\"Ugaldebieta-puntos-de-recarga-ultra-r\u00e1pida-veh\u00edculo-el\u00e9ctrico\"},{\"@type\":\"BreadcrumbList\",\"@id\":\"https:\/\/evsare.com\/eu\/sala-de-prensa\/repsol-inaugura-en-bizkaia-la-estacion-de-recarga-para-vehiculo-electrico-de-mayor-potencia-de-europa\/#breadcrumb\",\"itemListElement\":[{\"@type\":\"ListItem\",\"position\":1,\"name\":\"Home\",\"item\":\"https:\/\/evsare.com\/eu\/\"},{\"@type\":\"ListItem\",\"position\":2,\"name\":\"REPSOL INAUGURA EN BIZKAIA LA ESTACI\u00d3N DE RECARGA PARA VEH\u00cdCULO EL\u00c9CTRICO DE MAYOR POTENCIA DE EUROPA\"}]},{\"@type\":\"WebSite\",\"@id\":\"https:\/\/evsare.com\/#website\",\"url\":\"https:\/\/evsare.com\/\",\"name\":\"EVsare\",\"description\":\"La \u00faltima tecnolog\u00eda en servicios de recarga\",\"publisher\":{\"@id\":\"https:\/\/evsare.com\/#organization\"},\"potentialAction\":[{\"@type\":\"SearchAction\",\"target\":{\"@type\":\"EntryPoint\",\"urlTemplate\":\"https:\/\/evsare.com\/?s={search_term_string}\"},\"query-input\":{\"@type\":\"PropertyValueSpecification\",\"valueRequired\":true,\"valueName\":\"search_term_string\"}}],\"inLanguage\":\"eu-ES\"},{\"@type\":\"Organization\",\"@id\":\"https:\/\/evsare.com\/#organization\",\"name\":\"EVsare\",\"url\":\"https:\/\/evsare.com\/\",\"logo\":{\"@type\":\"ImageObject\",\"inLanguage\":\"eu-ES\",\"@id\":\"https:\/\/evsare.com\/#\/schema\/logo\/image\/\",\"url\":\"https:\/\/evsare.com\/wp-content\/uploads\/2025\/10\/evsare-favicon-152-2.png\",\"contentUrl\":\"https:\/\/evsare.com\/wp-content\/uploads\/2025\/10\/evsare-favicon-152-2.png\",\"width\":152,\"height\":152,\"caption\":\"EVsare\"},\"image\":{\"@id\":\"https:\/\/evsare.com\/#\/schema\/logo\/image\/\"},\"sameAs\":[\"https:\/\/es.linkedin.com\/company\/evsare\"]},{\"@type\":\"Person\",\"@id\":\"https:\/\/evsare.com\/#\/schema\/person\/d2eb10c4787c60407d60e78230f85db6\",\"name\":\"Comunicacion\"}]}<\/script>\n<!-- \/ Yoast SEO plugin. -->","yoast_head_json":{"title":"REPSOL INAUGURA EN BIZKAIA LA ESTACI\u00d3N DE RECARGA PARA VEH\u00cdCULO EL\u00c9CTRICO DE MAYOR POTENCIA DE EUROPA - EVsare","robots":{"index":"index","follow":"follow","max-snippet":"max-snippet:-1","max-image-preview":"max-image-preview:large","max-video-preview":"max-video-preview:-1"},"canonical":"https:\/\/evsare.com\/eu\/sala-de-prensa\/repsol-inaugura-en-bizkaia-la-estacion-de-recarga-para-vehiculo-electrico-de-mayor-potencia-de-europa\/","og_locale":"eu_ES","og_type":"article","og_title":"REPSOL INAUGURA EN BIZKAIA LA ESTACI\u00d3N DE RECARGA PARA VEH\u00cdCULO EL\u00c9CTRICO DE MAYOR POTENCIA DE EUROPA - EVsare","og_description":"La instalaci\u00f3n, situada en la estaci\u00f3n de servicio de Repsol en Ugaldebieta (Abanto-Zierbena), es la primera en Europa que permite recargar el veh\u00edculo con 400 kW de potencia. Es el segundo punto de recarga ultra-r\u00e1pida que inaugura la compa\u00f1\u00eda multienerg\u00e9tica en sus estaciones de servicio en el a\u00f1o 2019. El primero fue en el mes de abril en Lopidana (\u00c1lava). IBIL, empresa encargada del desarrollo de esta infraestructura, y las empresas vascas Ingeteam, suministradora del sistema de recarga y Ormazabal, encargada del centro de transformaci\u00f3n, han desarrollado este sistema \u00fanico en Europa. Los equipos de recarga de esta estaci\u00f3n garantizan que toda la potencia disponible en la instalaci\u00f3n pueda repartirse de forma \u00f3ptima entre los veh\u00edculos conectados a los equipos de recarga. Al acto de inauguraci\u00f3n de esta instalaci\u00f3n, han asistido el consejero delegado de Repsol, Josu Jon Imaz, el presidente de Ibil, Emiliano L\u00f3pez Atxurra, el diputado general de Bizkaia, Unai Rementeria, la alcaldesa de Abanto-Zierbena, Maite Etxebarria y la consejera de desarrollo econ\u00f3mico e infraestructuras del Gobierno Vasco, Arantxa Tapia. Repsol ha inaugurado la estaci\u00f3n de recarga para veh\u00edculo el\u00e9ctrico con los terminales de recarga de mayor potencia de Europa. Esta instalaci\u00f3n, ubicada en la estaci\u00f3n de servicio [&hellip;]","og_url":"https:\/\/evsare.com\/eu\/sala-de-prensa\/repsol-inaugura-en-bizkaia-la-estacion-de-recarga-para-vehiculo-electrico-de-mayor-potencia-de-europa\/","og_site_name":"EVsare","article_published_time":"2019-10-07T09:47:43+00:00","og_image":[{"width":1000,"height":666,"url":"https:\/\/evsare.com\/wp-content\/uploads\/2020\/04\/Ugaldebieta-puntos-de-recarga-ultra-r\u00e1pida-veh\u00edculo-el\u00e9ctrico.jpg","type":"image\/jpeg"}],"author":"Comunicacion","twitter_card":"summary_large_image","twitter_misc":{"Written by":"Comunicacion","Est. reading time":"4 minutes"},"schema":{"@context":"https:\/\/schema.org","@graph":[{"@type":"Article","@id":"https:\/\/evsare.com\/eu\/sala-de-prensa\/repsol-inaugura-en-bizkaia-la-estacion-de-recarga-para-vehiculo-electrico-de-mayor-potencia-de-europa\/#article","isPartOf":{"@id":"https:\/\/evsare.com\/eu\/sala-de-prensa\/repsol-inaugura-en-bizkaia-la-estacion-de-recarga-para-vehiculo-electrico-de-mayor-potencia-de-europa\/"},"author":{"name":"Comunicacion","@id":"https:\/\/evsare.com\/#\/schema\/person\/d2eb10c4787c60407d60e78230f85db6"},"headline":"REPSOL INAUGURA EN BIZKAIA LA ESTACI\u00d3N DE RECARGA PARA VEH\u00cdCULO EL\u00c9CTRICO DE MAYOR POTENCIA DE EUROPA","datePublished":"2019-10-07T09:47:43+00:00","mainEntityOfPage":{"@id":"https:\/\/evsare.com\/eu\/sala-de-prensa\/repsol-inaugura-en-bizkaia-la-estacion-de-recarga-para-vehiculo-electrico-de-mayor-potencia-de-europa\/"},"wordCount":847,"publisher":{"@id":"https:\/\/evsare.com\/#organization"},"image":{"@id":"https:\/\/evsare.com\/eu\/sala-de-prensa\/repsol-inaugura-en-bizkaia-la-estacion-de-recarga-para-vehiculo-electrico-de-mayor-potencia-de-europa\/#primaryimage"},"thumbnailUrl":"https:\/\/evsare.com\/wp-content\/uploads\/2020\/04\/Ugaldebieta-puntos-de-recarga-ultra-r\u00e1pida-veh\u00edculo-el\u00e9ctrico.jpg","articleSection":["Uncategorized @eu"],"inLanguage":"eu-ES"},{"@type":"WebPage","@id":"https:\/\/evsare.com\/eu\/sala-de-prensa\/repsol-inaugura-en-bizkaia-la-estacion-de-recarga-para-vehiculo-electrico-de-mayor-potencia-de-europa\/","url":"https:\/\/evsare.com\/eu\/sala-de-prensa\/repsol-inaugura-en-bizkaia-la-estacion-de-recarga-para-vehiculo-electrico-de-mayor-potencia-de-europa\/","name":"REPSOL INAUGURA EN BIZKAIA LA ESTACI\u00d3N DE RECARGA PARA VEH\u00cdCULO EL\u00c9CTRICO DE MAYOR POTENCIA DE EUROPA - EVsare","isPartOf":{"@id":"https:\/\/evsare.com\/#website"},"primaryImageOfPage":{"@id":"https:\/\/evsare.com\/eu\/sala-de-prensa\/repsol-inaugura-en-bizkaia-la-estacion-de-recarga-para-vehiculo-electrico-de-mayor-potencia-de-europa\/#primaryimage"},"image":{"@id":"https:\/\/evsare.com\/eu\/sala-de-prensa\/repsol-inaugura-en-bizkaia-la-estacion-de-recarga-para-vehiculo-electrico-de-mayor-potencia-de-europa\/#primaryimage"},"thumbnailUrl":"https:\/\/evsare.com\/wp-content\/uploads\/2020\/04\/Ugaldebieta-puntos-de-recarga-ultra-r\u00e1pida-veh\u00edculo-el\u00e9ctrico.jpg","datePublished":"2019-10-07T09:47:43+00:00","breadcrumb":{"@id":"https:\/\/evsare.com\/eu\/sala-de-prensa\/repsol-inaugura-en-bizkaia-la-estacion-de-recarga-para-vehiculo-electrico-de-mayor-potencia-de-europa\/#breadcrumb"},"inLanguage":"eu-ES","potentialAction":[{"@type":"ReadAction","target":["https:\/\/evsare.com\/eu\/sala-de-prensa\/repsol-inaugura-en-bizkaia-la-estacion-de-recarga-para-vehiculo-electrico-de-mayor-potencia-de-europa\/"]}]},{"@type":"ImageObject","inLanguage":"eu-ES","@id":"https:\/\/evsare.com\/eu\/sala-de-prensa\/repsol-inaugura-en-bizkaia-la-estacion-de-recarga-para-vehiculo-electrico-de-mayor-potencia-de-europa\/#primaryimage","url":"https:\/\/evsare.com\/wp-content\/uploads\/2020\/04\/Ugaldebieta-puntos-de-recarga-ultra-r\u00e1pida-veh\u00edculo-el\u00e9ctrico.jpg","contentUrl":"https:\/\/evsare.com\/wp-content\/uploads\/2020\/04\/Ugaldebieta-puntos-de-recarga-ultra-r\u00e1pida-veh\u00edculo-el\u00e9ctrico.jpg","width":1000,"height":666,"caption":"Ugaldebieta-puntos-de-recarga-ultra-r\u00e1pida-veh\u00edculo-el\u00e9ctrico"},{"@type":"BreadcrumbList","@id":"https:\/\/evsare.com\/eu\/sala-de-prensa\/repsol-inaugura-en-bizkaia-la-estacion-de-recarga-para-vehiculo-electrico-de-mayor-potencia-de-europa\/#breadcrumb","itemListElement":[{"@type":"ListItem","position":1,"name":"Home","item":"https:\/\/evsare.com\/eu\/"},{"@type":"ListItem","position":2,"name":"REPSOL INAUGURA EN BIZKAIA LA ESTACI\u00d3N DE RECARGA PARA VEH\u00cdCULO EL\u00c9CTRICO DE MAYOR POTENCIA DE EUROPA"}]},{"@type":"WebSite","@id":"https:\/\/evsare.com\/#website","url":"https:\/\/evsare.com\/","name":"EVsare","description":"La \u00faltima tecnolog\u00eda en servicios de recarga","publisher":{"@id":"https:\/\/evsare.com\/#organization"},"potentialAction":[{"@type":"SearchAction","target":{"@type":"EntryPoint","urlTemplate":"https:\/\/evsare.com\/?s={search_term_string}"},"query-input":{"@type":"PropertyValueSpecification","valueRequired":true,"valueName":"search_term_string"}}],"inLanguage":"eu-ES"},{"@type":"Organization","@id":"https:\/\/evsare.com\/#organization","name":"EVsare","url":"https:\/\/evsare.com\/","logo":{"@type":"ImageObject","inLanguage":"eu-ES","@id":"https:\/\/evsare.com\/#\/schema\/logo\/image\/","url":"https:\/\/evsare.com\/wp-content\/uploads\/2025\/10\/evsare-favicon-152-2.png","contentUrl":"https:\/\/evsare.com\/wp-content\/uploads\/2025\/10\/evsare-favicon-152-2.png","width":152,"height":152,"caption":"EVsare"},"image":{"@id":"https:\/\/evsare.com\/#\/schema\/logo\/image\/"},"sameAs":["https:\/\/es.linkedin.com\/company\/evsare"]},{"@type":"Person","@id":"https:\/\/evsare.com\/#\/schema\/person\/d2eb10c4787c60407d60e78230f85db6","name":"Comunicacion"}]}},"_links":{"self":[{"href":"https:\/\/evsare.com\/eu\/wp-json\/wp\/v2\/posts\/22169","targetHints":{"allow":["GET"]}}],"collection":[{"href":"https:\/\/evsare.com\/eu\/wp-json\/wp\/v2\/posts"}],"about":[{"href":"https:\/\/evsare.com\/eu\/wp-json\/wp\/v2\/types\/post"}],"author":[{"embeddable":true,"href":"https:\/\/evsare.com\/eu\/wp-json\/wp\/v2\/users\/4"}],"replies":[{"embeddable":true,"href":"https:\/\/evsare.com\/eu\/wp-json\/wp\/v2\/comments?post=22169"}],"version-history":[{"count":0,"href":"https:\/\/evsare.com\/eu\/wp-json\/wp\/v2\/posts\/22169\/revisions"}],"wp:featuredmedia":[{"embeddable":true,"href":"https:\/\/evsare.com\/eu\/wp-json\/wp\/v2\/media\/22165"}],"wp:attachment":[{"href":"https:\/\/evsare.com\/eu\/wp-json\/wp\/v2\/media?parent=22169"}],"wp:term":[{"taxonomy":"category","embeddable":true,"href":"https:\/\/evsare.com\/eu\/wp-json\/wp\/v2\/categories?post=22169"},{"taxonomy":"post_tag","embeddable":true,"href":"https:\/\/evsare.com\/eu\/wp-json\/wp\/v2\/tags?post=22169"}],"curies":[{"name":"wp","href":"https:\/\/api.w.org\/{rel}","templated":true}]}}