{"id":21341,"date":"2018-07-03T14:59:53","date_gmt":"2018-07-03T12:59:53","guid":{"rendered":"https:\/\/ibil.wpengine.com\/sala-de-prensa\/bilbao-contara-con-dos-nuevas-instalaciones-de-recarga-rapida-de-vehiculos-electricos-de-ibil\/"},"modified":"2020-01-10T15:52:42","modified_gmt":"2020-01-10T14:52:42","slug":"bilbao-contara-con-dos-nuevas-instalaciones-de-recarga-rapida-de-vehiculos-electricos-de-ibil","status":"publish","type":"post","link":"https:\/\/evsare.com\/eu\/sala-de-prensa\/bilbao-contara-con-dos-nuevas-instalaciones-de-recarga-rapida-de-vehiculos-electricos-de-ibil\/","title":{"rendered":"Bilbao contar\u00e1 con dos nuevas instalaciones de recarga r\u00e1pida de veh\u00edculos el\u00e9ctricos de IBIL"},"content":{"rendered":"<p><strong>La instalaci\u00f3n de los dos nuevos puntos de carga r\u00e1pida ha sido posible tras el acuerdo entre el Ayuntamiento de Bilbao y el Ente Vasco de la Energ\u00eda.<\/strong><br \/>\n<strong>\u2022 Una de las instalaciones est\u00e1 ya operativa y ubicada en la plaza Bombero Etxaniz. La segunda se instalar\u00e1 en la calle Sabino Arana. Ambas las gestionar\u00e1 el gestor de carga IBIL, participada al 50% por EVE y Repsol.<\/strong><br \/>\n<strong>\u2022 Con la puesta en marcha de estos dos terminales, la capital vizca\u00edna contar\u00e1 con un total de tres puntos de recarga r\u00e1pida para veh\u00edculos el\u00e9ctricos de IBIL.<\/strong><\/p>\n<p>&nbsp;<\/p>\n<p>Bilbao incorpora dos nuevos puntos de recarga r\u00e1pida para veh\u00edculos el\u00e9ctricos. Las nuevas instalaciones ubicadas en la plaza Bombero Etxaniz, presentada esta ma\u00f1ana, y en la Avda. Sabino Arana 53, que est\u00e1 previsto que entre en funcionamiento, se sumar\u00e1n a las otras tres instalaciones de este tipo que ya funcionan en la capital vizca\u00edna.<\/p>\n<p>La iniciativa ha sido posible tras la firma de un convenio de colaboraci\u00f3n entre el Ayuntamiento de Bilbao y el Ente Vasco de la Energ\u00eda (EVE) el pasado mes de enero. El acuerdo suscrito por el Teniente de Alcalde y Concejal Delegado del \u00c1rea de Movilidad y Sostenibilidad, Alfonso Gil e I\u00f1igo Ansola, Consejero- Director General del Ente Vasco de la Energ\u00eda, tiene un plazo de vigencia de cuatro a\u00f1os, prorrogables, a partir de la entrada en funcionamiento de los nuevos puntos de recarga.<\/p>\n<p>El convenio contempla tambi\u00e9n\u00a0<a href=\"https:\/\/evsare.com\/index.php\/es\/plan-particulares\/promociones\/r-karga\">extender hasta el 30 de junio de 2019 la promoci\u00f3n &#8220;R-KARGA&#8221; de EVE<\/a>, consistente en recargas gratuitas en los puntos de recarga p\u00fablicos, para los usuarios de veh\u00edculo el\u00e9ctrico adscritos a la promoci\u00f3n.<\/p>\n<p>Las iniciativas conjuntas en las que participa el Ayuntamiento de Bilbao en materia de sostenibilidad est\u00e1n encaminadas a impulsar la movilidad el\u00e9ctrica y reducir la emisi\u00f3n de gases contaminantes, como est\u00e1 recogido en diferentes planes municipales, tales como el PMUS (Plan de Movilidad Urbana Sostenible), PAES (Plan de Acci\u00f3n para la. Energ\u00eda Sostenible) y el Plan estrat\u00e9gico para el despliegue del Veh\u00edculo El\u00e9ctrico en Bilbao, que aboga por la colaboraci\u00f3n con otras instituciones.<\/p>\n<p>&#8220;Nuestro objetivo es fomentar y promover la utilizaci\u00f3n de veh\u00edculos el\u00e9ctricos en Bilbao, as\u00ed como el establecimiento de una infraestructura de recarga adecuada que garantice el suministro de electricidad para \u00e9stos&#8221;- ha se\u00f1alado Alfonso Gil quien ha mostrado su satisfacci\u00f3n &#8220;por los avances que se van dando en materia de electrificaci\u00f3n del transporte y para lo que es clave disponer de este tipo infraestructuras as\u00ed como la colaboraci\u00f3n entre todas las instituciones&#8221;.<\/p>\n<p>Por su parte el EVE tambi\u00e9n busca los mismos objetivos, encaminados a conseguir una masa cr\u00edtica de veh\u00edculos el\u00e9ctricos, tal y como marca la Estrategia Energ\u00e9tica de Euskadi 2030. El EVE ha delegado la gesti\u00f3n de estos puntos de recarga r\u00e1pida al gestor de carga IBIL (empresa participada al 50% por EVE y Repsol). En ambas ubicaciones se instalar\u00e1n terminales de carga r\u00e1pida trimanguera (con los conectores Chademo, Combo CCS y Mennekes) de hasta 50 kW de potencia. Adem\u00e1s, todos se encuentran en la v\u00eda p\u00fablica para facilitar realizar las recargas a cualquier hora y cualquier d\u00eda de la semana a los usuarios de coche el\u00e9ctrico.<\/p>\n<p>&#8220;El Ente Vasco de la Energ\u00eda sigue trabajando para impulsar la movilidad el\u00e9ctrica en Euskadi, como medio de eficiencia energ\u00e9tica en el transporte y como elemento tractor del tejido industrial vasco. Para lograrlo, es clave el desarrollo de una infraestructura de recarga que d\u00e9 cobertura a todo el territorio, facilitando la introducci\u00f3n de esta tecnolog\u00eda tanto en la movilidad de empresas como de la ciudadan\u00eda a nivel particular&#8221; ha se\u00f1alado en la presentaci\u00f3n de esta ma\u00f1ana el director general del EVE, I\u00f1igo Ansola.<\/p>\n<p>Adem\u00e1s de proyectos como este, EVE tiene en marcha un ambicioso programa de subvenciones que ayuda a la instalaci\u00f3n de puntos de recarga, tanto en garajes como fuera de ellos. Cabe destacar que la instalaci\u00f3n troncal en garajes colectivos est\u00e1 subvencionada al 100%, siendo \u00e9sta una medida pionera que se inici\u00f3 en 2017.<\/p>\n<p><img loading=\"lazy\" decoding=\"async\" class=\"alignnone size-full wp-image-18242\" src=\"https:\/\/evsare.com\/wp-content\/uploads\/2019\/10\/Puntos_de_recarga_Bilbao.jpg\" alt=\"\" width=\"1000\" height=\"730\" \/><\/p>\n<p><strong>5 puntos de recarga r\u00e1pida en Bilbao<\/strong><\/p>\n<p>Cuando concluya la puesta en servicio de estas dos nuevos terminales (el que se inaugura ya est\u00e1 en marcha), ser\u00e1n cinco en total los que den servicio de recarga r\u00e1pida a los veh\u00edculos el\u00e9ctricos que circulen por la capital vizca\u00edna. Los otros tres puntos est\u00e1n ubicados en:<\/p>\n<p>\u2022 Virgen de Bego\u00f1a 47, adyacente a la parada de taxis en el barrio de Bego\u00f1a, junto a la Bas\u00edlica.<br \/>\n\u2022 Lehendakari Leizaola n\u00famero 5.<br \/>\n\u2022 Elcano 8, junto a la Plaza Moyua.<\/p>\n<p>Con la puesta en marcha de estos puntos de recarga r\u00e1pida, Bilbao apuesta por la introducci\u00f3n del veh\u00edculo el\u00e9ctrico en las calles de la villa, reduciendo las emisiones contaminantes de los veh\u00edculos t\u00e9rmicos.<\/p>\n<p><strong>Acerca de IBIL<\/strong><\/p>\n<p>Establecida en 2010, IBIL se dedica en exclusiva a proveer servicios de carga a veh\u00edculos el\u00e9ctricos, siendo la primera empresa inscrita como Gestor de Carga en la Comisi\u00f3n Nacional de los Mercados y la Competencia. En la actualidad es la empresa privada con mayor inversi\u00f3n en red p\u00fablica de recarga, destacando los casi 40 puntos de carga r\u00e1pida en servicio. En su corta historia ha ofrecido m\u00e1s de 267.000 cargas y ha gestionado m\u00e1s de 2,6 GWh. IBIL ofrece servicios a particulares, compa\u00f1\u00edas y administraciones p\u00fablicas, tanto en garajes comunitarios, empresas o en lugares de uso p\u00fablico. Adem\u00e1s, IBIL proporciona un servicio integral de recarga basado en energ\u00eda 100% renovable. IBIL es una empresa participada por Repsol y el Ente Vasco de la Energ\u00eda.<\/p>\n","protected":false},"excerpt":{"rendered":"<p>La instalaci\u00f3n de los dos nuevos puntos de carga r\u00e1pida ha sido posible tras el acuerdo entre el Ayuntamiento de Bilbao y el Ente Vasco de la Energ\u00eda. \u2022 Una de las instalaciones est\u00e1 ya operativa y ubicada en la plaza Bombero Etxaniz. La segunda se instalar\u00e1 en la calle Sabino Arana. Ambas las gestionar\u00e1 el gestor de carga IBIL, participada al 50% por EVE y Repsol. \u2022 Con la puesta en marcha de estos dos terminales, la capital vizca\u00edna contar\u00e1 con un total de tres puntos de recarga r\u00e1pida para veh\u00edculos el\u00e9ctricos de IBIL. &nbsp; Bilbao incorpora dos nuevos puntos de recarga r\u00e1pida para veh\u00edculos el\u00e9ctricos. Las nuevas instalaciones ubicadas en la plaza Bombero Etxaniz, presentada esta ma\u00f1ana, y en la Avda. Sabino Arana 53, que est\u00e1 previsto que entre en funcionamiento, se sumar\u00e1n a las otras tres instalaciones de este tipo que ya funcionan en la capital vizca\u00edna. La iniciativa ha sido posible tras la firma de un convenio de colaboraci\u00f3n entre el Ayuntamiento de Bilbao y el Ente Vasco de la Energ\u00eda (EVE) el pasado mes de enero. El acuerdo suscrito por el Teniente de Alcalde y Concejal Delegado del \u00c1rea de Movilidad y Sostenibilidad, Alfonso Gil [&hellip;]<\/p>\n","protected":false},"author":1,"featured_media":19987,"comment_status":"closed","ping_status":"closed","sticky":false,"template":"","format":"standard","meta":{"footnotes":""},"categories":[21],"tags":[],"class_list":["post-21341","post","type-post","status-publish","format-standard","has-post-thumbnail","hentry","category-uncategorized-eu"],"yoast_head":"<!-- This site is optimized with the Yoast SEO plugin v26.3 - https:\/\/yoast.com\/wordpress\/plugins\/seo\/ -->\n<title>Bilbao contar\u00e1 con dos nuevas instalaciones de recarga r\u00e1pida de veh\u00edculos el\u00e9ctricos de IBIL - EVsare<\/title>\n<meta name=\"robots\" content=\"index, follow, max-snippet:-1, max-image-preview:large, max-video-preview:-1\" \/>\n<link rel=\"canonical\" href=\"https:\/\/evsare.com\/eu\/sala-de-prensa\/bilbao-contara-con-dos-nuevas-instalaciones-de-recarga-rapida-de-vehiculos-electricos-de-ibil\/\" \/>\n<meta property=\"og:locale\" content=\"eu_ES\" \/>\n<meta property=\"og:type\" content=\"article\" \/>\n<meta property=\"og:title\" content=\"Bilbao contar\u00e1 con dos nuevas instalaciones de recarga r\u00e1pida de veh\u00edculos el\u00e9ctricos de IBIL - EVsare\" \/>\n<meta property=\"og:description\" content=\"La instalaci\u00f3n de los dos nuevos puntos de carga r\u00e1pida ha sido posible tras el acuerdo entre el Ayuntamiento de Bilbao y el Ente Vasco de la Energ\u00eda. \u2022 Una de las instalaciones est\u00e1 ya operativa y ubicada en la plaza Bombero Etxaniz. La segunda se instalar\u00e1 en la calle Sabino Arana. Ambas las gestionar\u00e1 el gestor de carga IBIL, participada al 50% por EVE y Repsol. \u2022 Con la puesta en marcha de estos dos terminales, la capital vizca\u00edna contar\u00e1 con un total de tres puntos de recarga r\u00e1pida para veh\u00edculos el\u00e9ctricos de IBIL. &nbsp; Bilbao incorpora dos nuevos puntos de recarga r\u00e1pida para veh\u00edculos el\u00e9ctricos. Las nuevas instalaciones ubicadas en la plaza Bombero Etxaniz, presentada esta ma\u00f1ana, y en la Avda. Sabino Arana 53, que est\u00e1 previsto que entre en funcionamiento, se sumar\u00e1n a las otras tres instalaciones de este tipo que ya funcionan en la capital vizca\u00edna. La iniciativa ha sido posible tras la firma de un convenio de colaboraci\u00f3n entre el Ayuntamiento de Bilbao y el Ente Vasco de la Energ\u00eda (EVE) el pasado mes de enero. El acuerdo suscrito por el Teniente de Alcalde y Concejal Delegado del \u00c1rea de Movilidad y Sostenibilidad, Alfonso Gil [&hellip;]\" \/>\n<meta property=\"og:url\" content=\"https:\/\/evsare.com\/eu\/sala-de-prensa\/bilbao-contara-con-dos-nuevas-instalaciones-de-recarga-rapida-de-vehiculos-electricos-de-ibil\/\" \/>\n<meta property=\"og:site_name\" content=\"EVsare\" \/>\n<meta property=\"article:published_time\" content=\"2018-07-03T12:59:53+00:00\" \/>\n<meta property=\"article:modified_time\" content=\"2020-01-10T14:52:42+00:00\" \/>\n<meta property=\"og:image\" content=\"https:\/\/evsare.com\/wp-content\/uploads\/2019\/09\/Bilbao2nuevasestaciones.jpg\" \/>\n\t<meta property=\"og:image:width\" content=\"768\" \/>\n\t<meta property=\"og:image:height\" content=\"450\" \/>\n\t<meta property=\"og:image:type\" content=\"image\/jpeg\" \/>\n<meta name=\"author\" content=\"gesIbil\" \/>\n<meta name=\"twitter:card\" content=\"summary_large_image\" \/>\n<meta name=\"twitter:label1\" content=\"Written by\" \/>\n\t<meta name=\"twitter:data1\" content=\"gesIbil\" \/>\n\t<meta name=\"twitter:label2\" content=\"Est. reading time\" \/>\n\t<meta name=\"twitter:data2\" content=\"5 minutes\" \/>\n<script type=\"application\/ld+json\" class=\"yoast-schema-graph\">{\"@context\":\"https:\/\/schema.org\",\"@graph\":[{\"@type\":\"Article\",\"@id\":\"https:\/\/evsare.com\/eu\/sala-de-prensa\/bilbao-contara-con-dos-nuevas-instalaciones-de-recarga-rapida-de-vehiculos-electricos-de-ibil\/#article\",\"isPartOf\":{\"@id\":\"https:\/\/evsare.com\/eu\/sala-de-prensa\/bilbao-contara-con-dos-nuevas-instalaciones-de-recarga-rapida-de-vehiculos-electricos-de-ibil\/\"},\"author\":{\"name\":\"gesIbil\",\"@id\":\"https:\/\/evsare.com\/#\/schema\/person\/2734eab244df5dccee2244fd55ed1f13\"},\"headline\":\"Bilbao contar\u00e1 con dos nuevas instalaciones de recarga r\u00e1pida de veh\u00edculos el\u00e9ctricos de IBIL\",\"datePublished\":\"2018-07-03T12:59:53+00:00\",\"dateModified\":\"2020-01-10T14:52:42+00:00\",\"mainEntityOfPage\":{\"@id\":\"https:\/\/evsare.com\/eu\/sala-de-prensa\/bilbao-contara-con-dos-nuevas-instalaciones-de-recarga-rapida-de-vehiculos-electricos-de-ibil\/\"},\"wordCount\":998,\"publisher\":{\"@id\":\"https:\/\/evsare.com\/#organization\"},\"image\":{\"@id\":\"https:\/\/evsare.com\/eu\/sala-de-prensa\/bilbao-contara-con-dos-nuevas-instalaciones-de-recarga-rapida-de-vehiculos-electricos-de-ibil\/#primaryimage\"},\"thumbnailUrl\":\"https:\/\/evsare.com\/wp-content\/uploads\/2019\/09\/Bilbao2nuevasestaciones.jpg\",\"articleSection\":[\"Uncategorized @eu\"],\"inLanguage\":\"eu-ES\"},{\"@type\":\"WebPage\",\"@id\":\"https:\/\/evsare.com\/eu\/sala-de-prensa\/bilbao-contara-con-dos-nuevas-instalaciones-de-recarga-rapida-de-vehiculos-electricos-de-ibil\/\",\"url\":\"https:\/\/evsare.com\/eu\/sala-de-prensa\/bilbao-contara-con-dos-nuevas-instalaciones-de-recarga-rapida-de-vehiculos-electricos-de-ibil\/\",\"name\":\"Bilbao contar\u00e1 con dos nuevas instalaciones de recarga r\u00e1pida de veh\u00edculos el\u00e9ctricos de IBIL - EVsare\",\"isPartOf\":{\"@id\":\"https:\/\/evsare.com\/#website\"},\"primaryImageOfPage\":{\"@id\":\"https:\/\/evsare.com\/eu\/sala-de-prensa\/bilbao-contara-con-dos-nuevas-instalaciones-de-recarga-rapida-de-vehiculos-electricos-de-ibil\/#primaryimage\"},\"image\":{\"@id\":\"https:\/\/evsare.com\/eu\/sala-de-prensa\/bilbao-contara-con-dos-nuevas-instalaciones-de-recarga-rapida-de-vehiculos-electricos-de-ibil\/#primaryimage\"},\"thumbnailUrl\":\"https:\/\/evsare.com\/wp-content\/uploads\/2019\/09\/Bilbao2nuevasestaciones.jpg\",\"datePublished\":\"2018-07-03T12:59:53+00:00\",\"dateModified\":\"2020-01-10T14:52:42+00:00\",\"breadcrumb\":{\"@id\":\"https:\/\/evsare.com\/eu\/sala-de-prensa\/bilbao-contara-con-dos-nuevas-instalaciones-de-recarga-rapida-de-vehiculos-electricos-de-ibil\/#breadcrumb\"},\"inLanguage\":\"eu-ES\",\"potentialAction\":[{\"@type\":\"ReadAction\",\"target\":[\"https:\/\/evsare.com\/eu\/sala-de-prensa\/bilbao-contara-con-dos-nuevas-instalaciones-de-recarga-rapida-de-vehiculos-electricos-de-ibil\/\"]}]},{\"@type\":\"ImageObject\",\"inLanguage\":\"eu-ES\",\"@id\":\"https:\/\/evsare.com\/eu\/sala-de-prensa\/bilbao-contara-con-dos-nuevas-instalaciones-de-recarga-rapida-de-vehiculos-electricos-de-ibil\/#primaryimage\",\"url\":\"https:\/\/evsare.com\/wp-content\/uploads\/2019\/09\/Bilbao2nuevasestaciones.jpg\",\"contentUrl\":\"https:\/\/evsare.com\/wp-content\/uploads\/2019\/09\/Bilbao2nuevasestaciones.jpg\",\"width\":768,\"height\":450},{\"@type\":\"BreadcrumbList\",\"@id\":\"https:\/\/evsare.com\/eu\/sala-de-prensa\/bilbao-contara-con-dos-nuevas-instalaciones-de-recarga-rapida-de-vehiculos-electricos-de-ibil\/#breadcrumb\",\"itemListElement\":[{\"@type\":\"ListItem\",\"position\":1,\"name\":\"Home\",\"item\":\"https:\/\/evsare.com\/eu\/\"},{\"@type\":\"ListItem\",\"position\":2,\"name\":\"Bilbao contar\u00e1 con dos nuevas instalaciones de recarga r\u00e1pida de veh\u00edculos el\u00e9ctricos de IBIL\"}]},{\"@type\":\"WebSite\",\"@id\":\"https:\/\/evsare.com\/#website\",\"url\":\"https:\/\/evsare.com\/\",\"name\":\"EVsare\",\"description\":\"La \u00faltima tecnolog\u00eda en servicios de recarga\",\"publisher\":{\"@id\":\"https:\/\/evsare.com\/#organization\"},\"potentialAction\":[{\"@type\":\"SearchAction\",\"target\":{\"@type\":\"EntryPoint\",\"urlTemplate\":\"https:\/\/evsare.com\/?s={search_term_string}\"},\"query-input\":{\"@type\":\"PropertyValueSpecification\",\"valueRequired\":true,\"valueName\":\"search_term_string\"}}],\"inLanguage\":\"eu-ES\"},{\"@type\":\"Organization\",\"@id\":\"https:\/\/evsare.com\/#organization\",\"name\":\"EVsare\",\"url\":\"https:\/\/evsare.com\/\",\"logo\":{\"@type\":\"ImageObject\",\"inLanguage\":\"eu-ES\",\"@id\":\"https:\/\/evsare.com\/#\/schema\/logo\/image\/\",\"url\":\"https:\/\/evsare.com\/wp-content\/uploads\/2025\/10\/evsare-favicon-152-2.png\",\"contentUrl\":\"https:\/\/evsare.com\/wp-content\/uploads\/2025\/10\/evsare-favicon-152-2.png\",\"width\":152,\"height\":152,\"caption\":\"EVsare\"},\"image\":{\"@id\":\"https:\/\/evsare.com\/#\/schema\/logo\/image\/\"},\"sameAs\":[\"https:\/\/es.linkedin.com\/company\/evsare\"]},{\"@type\":\"Person\",\"@id\":\"https:\/\/evsare.com\/#\/schema\/person\/2734eab244df5dccee2244fd55ed1f13\",\"name\":\"gesIbil\"}]}<\/script>\n<!-- \/ Yoast SEO plugin. -->","yoast_head_json":{"title":"Bilbao contar\u00e1 con dos nuevas instalaciones de recarga r\u00e1pida de veh\u00edculos el\u00e9ctricos de IBIL - EVsare","robots":{"index":"index","follow":"follow","max-snippet":"max-snippet:-1","max-image-preview":"max-image-preview:large","max-video-preview":"max-video-preview:-1"},"canonical":"https:\/\/evsare.com\/eu\/sala-de-prensa\/bilbao-contara-con-dos-nuevas-instalaciones-de-recarga-rapida-de-vehiculos-electricos-de-ibil\/","og_locale":"eu_ES","og_type":"article","og_title":"Bilbao contar\u00e1 con dos nuevas instalaciones de recarga r\u00e1pida de veh\u00edculos el\u00e9ctricos de IBIL - EVsare","og_description":"La instalaci\u00f3n de los dos nuevos puntos de carga r\u00e1pida ha sido posible tras el acuerdo entre el Ayuntamiento de Bilbao y el Ente Vasco de la Energ\u00eda. \u2022 Una de las instalaciones est\u00e1 ya operativa y ubicada en la plaza Bombero Etxaniz. La segunda se instalar\u00e1 en la calle Sabino Arana. Ambas las gestionar\u00e1 el gestor de carga IBIL, participada al 50% por EVE y Repsol. \u2022 Con la puesta en marcha de estos dos terminales, la capital vizca\u00edna contar\u00e1 con un total de tres puntos de recarga r\u00e1pida para veh\u00edculos el\u00e9ctricos de IBIL. &nbsp; Bilbao incorpora dos nuevos puntos de recarga r\u00e1pida para veh\u00edculos el\u00e9ctricos. Las nuevas instalaciones ubicadas en la plaza Bombero Etxaniz, presentada esta ma\u00f1ana, y en la Avda. Sabino Arana 53, que est\u00e1 previsto que entre en funcionamiento, se sumar\u00e1n a las otras tres instalaciones de este tipo que ya funcionan en la capital vizca\u00edna. La iniciativa ha sido posible tras la firma de un convenio de colaboraci\u00f3n entre el Ayuntamiento de Bilbao y el Ente Vasco de la Energ\u00eda (EVE) el pasado mes de enero. El acuerdo suscrito por el Teniente de Alcalde y Concejal Delegado del \u00c1rea de Movilidad y Sostenibilidad, Alfonso Gil [&hellip;]","og_url":"https:\/\/evsare.com\/eu\/sala-de-prensa\/bilbao-contara-con-dos-nuevas-instalaciones-de-recarga-rapida-de-vehiculos-electricos-de-ibil\/","og_site_name":"EVsare","article_published_time":"2018-07-03T12:59:53+00:00","article_modified_time":"2020-01-10T14:52:42+00:00","og_image":[{"width":768,"height":450,"url":"https:\/\/evsare.com\/wp-content\/uploads\/2019\/09\/Bilbao2nuevasestaciones.jpg","type":"image\/jpeg"}],"author":"gesIbil","twitter_card":"summary_large_image","twitter_misc":{"Written by":"gesIbil","Est. reading time":"5 minutes"},"schema":{"@context":"https:\/\/schema.org","@graph":[{"@type":"Article","@id":"https:\/\/evsare.com\/eu\/sala-de-prensa\/bilbao-contara-con-dos-nuevas-instalaciones-de-recarga-rapida-de-vehiculos-electricos-de-ibil\/#article","isPartOf":{"@id":"https:\/\/evsare.com\/eu\/sala-de-prensa\/bilbao-contara-con-dos-nuevas-instalaciones-de-recarga-rapida-de-vehiculos-electricos-de-ibil\/"},"author":{"name":"gesIbil","@id":"https:\/\/evsare.com\/#\/schema\/person\/2734eab244df5dccee2244fd55ed1f13"},"headline":"Bilbao contar\u00e1 con dos nuevas instalaciones de recarga r\u00e1pida de veh\u00edculos el\u00e9ctricos de IBIL","datePublished":"2018-07-03T12:59:53+00:00","dateModified":"2020-01-10T14:52:42+00:00","mainEntityOfPage":{"@id":"https:\/\/evsare.com\/eu\/sala-de-prensa\/bilbao-contara-con-dos-nuevas-instalaciones-de-recarga-rapida-de-vehiculos-electricos-de-ibil\/"},"wordCount":998,"publisher":{"@id":"https:\/\/evsare.com\/#organization"},"image":{"@id":"https:\/\/evsare.com\/eu\/sala-de-prensa\/bilbao-contara-con-dos-nuevas-instalaciones-de-recarga-rapida-de-vehiculos-electricos-de-ibil\/#primaryimage"},"thumbnailUrl":"https:\/\/evsare.com\/wp-content\/uploads\/2019\/09\/Bilbao2nuevasestaciones.jpg","articleSection":["Uncategorized @eu"],"inLanguage":"eu-ES"},{"@type":"WebPage","@id":"https:\/\/evsare.com\/eu\/sala-de-prensa\/bilbao-contara-con-dos-nuevas-instalaciones-de-recarga-rapida-de-vehiculos-electricos-de-ibil\/","url":"https:\/\/evsare.com\/eu\/sala-de-prensa\/bilbao-contara-con-dos-nuevas-instalaciones-de-recarga-rapida-de-vehiculos-electricos-de-ibil\/","name":"Bilbao contar\u00e1 con dos nuevas instalaciones de recarga r\u00e1pida de veh\u00edculos el\u00e9ctricos de IBIL - EVsare","isPartOf":{"@id":"https:\/\/evsare.com\/#website"},"primaryImageOfPage":{"@id":"https:\/\/evsare.com\/eu\/sala-de-prensa\/bilbao-contara-con-dos-nuevas-instalaciones-de-recarga-rapida-de-vehiculos-electricos-de-ibil\/#primaryimage"},"image":{"@id":"https:\/\/evsare.com\/eu\/sala-de-prensa\/bilbao-contara-con-dos-nuevas-instalaciones-de-recarga-rapida-de-vehiculos-electricos-de-ibil\/#primaryimage"},"thumbnailUrl":"https:\/\/evsare.com\/wp-content\/uploads\/2019\/09\/Bilbao2nuevasestaciones.jpg","datePublished":"2018-07-03T12:59:53+00:00","dateModified":"2020-01-10T14:52:42+00:00","breadcrumb":{"@id":"https:\/\/evsare.com\/eu\/sala-de-prensa\/bilbao-contara-con-dos-nuevas-instalaciones-de-recarga-rapida-de-vehiculos-electricos-de-ibil\/#breadcrumb"},"inLanguage":"eu-ES","potentialAction":[{"@type":"ReadAction","target":["https:\/\/evsare.com\/eu\/sala-de-prensa\/bilbao-contara-con-dos-nuevas-instalaciones-de-recarga-rapida-de-vehiculos-electricos-de-ibil\/"]}]},{"@type":"ImageObject","inLanguage":"eu-ES","@id":"https:\/\/evsare.com\/eu\/sala-de-prensa\/bilbao-contara-con-dos-nuevas-instalaciones-de-recarga-rapida-de-vehiculos-electricos-de-ibil\/#primaryimage","url":"https:\/\/evsare.com\/wp-content\/uploads\/2019\/09\/Bilbao2nuevasestaciones.jpg","contentUrl":"https:\/\/evsare.com\/wp-content\/uploads\/2019\/09\/Bilbao2nuevasestaciones.jpg","width":768,"height":450},{"@type":"BreadcrumbList","@id":"https:\/\/evsare.com\/eu\/sala-de-prensa\/bilbao-contara-con-dos-nuevas-instalaciones-de-recarga-rapida-de-vehiculos-electricos-de-ibil\/#breadcrumb","itemListElement":[{"@type":"ListItem","position":1,"name":"Home","item":"https:\/\/evsare.com\/eu\/"},{"@type":"ListItem","position":2,"name":"Bilbao contar\u00e1 con dos nuevas instalaciones de recarga r\u00e1pida de veh\u00edculos el\u00e9ctricos de IBIL"}]},{"@type":"WebSite","@id":"https:\/\/evsare.com\/#website","url":"https:\/\/evsare.com\/","name":"EVsare","description":"La \u00faltima tecnolog\u00eda en servicios de recarga","publisher":{"@id":"https:\/\/evsare.com\/#organization"},"potentialAction":[{"@type":"SearchAction","target":{"@type":"EntryPoint","urlTemplate":"https:\/\/evsare.com\/?s={search_term_string}"},"query-input":{"@type":"PropertyValueSpecification","valueRequired":true,"valueName":"search_term_string"}}],"inLanguage":"eu-ES"},{"@type":"Organization","@id":"https:\/\/evsare.com\/#organization","name":"EVsare","url":"https:\/\/evsare.com\/","logo":{"@type":"ImageObject","inLanguage":"eu-ES","@id":"https:\/\/evsare.com\/#\/schema\/logo\/image\/","url":"https:\/\/evsare.com\/wp-content\/uploads\/2025\/10\/evsare-favicon-152-2.png","contentUrl":"https:\/\/evsare.com\/wp-content\/uploads\/2025\/10\/evsare-favicon-152-2.png","width":152,"height":152,"caption":"EVsare"},"image":{"@id":"https:\/\/evsare.com\/#\/schema\/logo\/image\/"},"sameAs":["https:\/\/es.linkedin.com\/company\/evsare"]},{"@type":"Person","@id":"https:\/\/evsare.com\/#\/schema\/person\/2734eab244df5dccee2244fd55ed1f13","name":"gesIbil"}]}},"_links":{"self":[{"href":"https:\/\/evsare.com\/eu\/wp-json\/wp\/v2\/posts\/21341","targetHints":{"allow":["GET"]}}],"collection":[{"href":"https:\/\/evsare.com\/eu\/wp-json\/wp\/v2\/posts"}],"about":[{"href":"https:\/\/evsare.com\/eu\/wp-json\/wp\/v2\/types\/post"}],"author":[{"embeddable":true,"href":"https:\/\/evsare.com\/eu\/wp-json\/wp\/v2\/users\/1"}],"replies":[{"embeddable":true,"href":"https:\/\/evsare.com\/eu\/wp-json\/wp\/v2\/comments?post=21341"}],"version-history":[{"count":0,"href":"https:\/\/evsare.com\/eu\/wp-json\/wp\/v2\/posts\/21341\/revisions"}],"wp:featuredmedia":[{"embeddable":true,"href":"https:\/\/evsare.com\/eu\/wp-json\/wp\/v2\/media\/19987"}],"wp:attachment":[{"href":"https:\/\/evsare.com\/eu\/wp-json\/wp\/v2\/media?parent=21341"}],"wp:term":[{"taxonomy":"category","embeddable":true,"href":"https:\/\/evsare.com\/eu\/wp-json\/wp\/v2\/categories?post=21341"},{"taxonomy":"post_tag","embeddable":true,"href":"https:\/\/evsare.com\/eu\/wp-json\/wp\/v2\/tags?post=21341"}],"curies":[{"name":"wp","href":"https:\/\/api.w.org\/{rel}","templated":true}]}}